{"id":21649,"date":"2025-07-31T18:11:18","date_gmt":"2025-07-31T21:11:18","guid":{"rendered":"https:\/\/blogdodanielgalvao.com.br\/site\/?p=21649"},"modified":"2025-07-31T18:11:18","modified_gmt":"2025-07-31T21:11:18","slug":"rio-das-ostras-planeja-consolidacao-como-polo-estrategico-no-mercado-de-petroleo","status":"publish","type":"post","link":"https:\/\/blogdodanielgalvao.com.br\/site\/rio-das-ostras-planeja-consolidacao-como-polo-estrategico-no-mercado-de-petroleo\/","title":{"rendered":"Rio das Ostras planeja consolida\u00e7\u00e3o como polo estrat\u00e9gico no mercado de petr\u00f3leo"},"content":{"rendered":"<p>A Prefeitura de Rio das Ostras lan\u00e7ou, nessa semana, o evento \u201cCaf\u00e9 com Energia\u201d, que acontecer\u00e1 no pr\u00f3ximo dia 28 de agosto, com o objetivo de se consolidar como um dos polos estrat\u00e9gicos do setor de \u00f3leo, g\u00e1s e energia.<\/p>\n<p>Segundo o munic\u00edpio, a proposta do evento, que marca o in\u00edcio de uma s\u00e9rie de articula\u00e7\u00f5es para atrair investimentos, \u00e9 reunir representantes das principais empresas ligadas \u00e0 cadeia de explora\u00e7\u00e3o e produ\u00e7\u00e3o de petr\u00f3leo.<\/p>\n<p>Durante o lan\u00e7amento do \u201cCaf\u00e9 com Energia\u201d, que incluir\u00e1 palestras, rodadas de neg\u00f3cios e apresenta\u00e7\u00f5es de projetos, a prefeitura tamb\u00e9m refor\u00e7ou o prop\u00f3sito de ampliar a infraestrutura da Zona Especial de Neg\u00f3cios (ZEN) e posicionar a cidade como refer\u00eancia na transi\u00e7\u00e3o energ\u00e9tica no Brasil.<\/p>\n<p>Realizado no audit\u00f3rio do Centro de Qualifica\u00e7\u00e3o Profissional, na ZEN, o lan\u00e7amento do evento contou com a apresenta\u00e7\u00e3o de um estudo t\u00e9cnico com estimativas de crescimento do setor no Brasil pela Margem Equatorial, pr\u00f3xima aos estados do Amap\u00e1 (AP) e Rio Grande do Norte (RN).<\/p>\n<p>A apresenta\u00e7\u00e3o ressaltou que a expectativa de um aumento na demanda de servi\u00e7os e equipamentos com a abertura de novas \u00e1reas de explora\u00e7\u00e3o no territ\u00f3rio nacional, criando uma janela de oportunidades para munic\u00edpios com capacidade de resposta r\u00e1pida.<\/p>\n<p>\u201cRio das Ostras \u00e9 um destes munic\u00edpios. A estimativa \u00e9 de gera\u00e7\u00e3o de mais de 300 mil empregos diretos e indiretos no Brasil nos pr\u00f3ximos 5 anos. A iniciativa da prefeitura ocorre em um momento de reposicionamento da ind\u00fastria de petr\u00f3leo, que tem buscado atender \u00e0 crescente demanda energ\u00e9tica global \u2013 ao mesmo tempo em que enfrenta press\u00f5es por solu\u00e7\u00f5es de baixo carbono. A transi\u00e7\u00e3o para fontes mais limpas e sustent\u00e1veis \u00e9 considerada um dos principais desafios para os pr\u00f3ximos anos. Nesse cen\u00e1rio, munic\u00edpios com ambiente favor\u00e1vel \u00e0 inova\u00e7\u00e3o e \u00e0 regulamenta\u00e7\u00e3o ganham destaque, como \u00e9 o caso de Rio das Ostras\u201d, avalia o munic\u00edpio.<\/p>\n<p>Presente ao evento, o secret\u00e1rio de Desenvolvimento Econ\u00f4mico e Turismo, Rodrigo Peleteiro (DC), afirmou que atual gest\u00e3o j\u00e1 tem tratativas com universidades, institui\u00e7\u00f5es t\u00e9cnicas e empresas para garantir que a cidade esteja preparada para as exig\u00eancias dessa nova etapa.<\/p>\n<p>Segundo ele, a ZEN, criada em 2004, voltou a ser prioridade do governo municipal na gest\u00e3o do prefeito Carlos Augusto (PL), e deve passar por um processo de moderniza\u00e7\u00e3o para receber novos empreendimentos.<\/p>\n<p>\u201cA retomada do protagonismo de Rio das Ostras no setor passa pela uni\u00e3o entre poder p\u00fablico, iniciativa privada e institui\u00e7\u00f5es t\u00e9cnicas. Estamos estruturando um plano de desenvolvimento que inclui capacita\u00e7\u00e3o de m\u00e3o de obra, incentivos fiscais e melhorias na infraestrutura, principalmente a ZEN\u201d, explicou Rodrigo Peleteiro.<\/p>\n","protected":false},"excerpt":{"rendered":"<p>A Prefeitura de Rio das Ostras lan\u00e7ou, nessa semana, o evento \u201cCaf\u00e9 com Energia\u201d, que acontecer\u00e1 no pr\u00f3ximo dia 28 de agosto, com o objetivo de se consolidar como um dos polos estrat\u00e9gicos do setor de \u00f3leo, g\u00e1s e energia. Segundo o munic\u00edpio, a proposta do evento, que marca o in\u00edcio de uma s\u00e9rie de [&hellip;]<\/p>\n","protected":false},"author":2,"featured_media":21650,"comment_status":"open","ping_status":"open","sticky":true,"template":"","format":"standard","meta":{"footnotes":""},"categories":[4],"tags":[2014],"class_list":["post-21649","post","type-post","status-publish","format-standard","has-post-thumbnail","hentry","category-rio-das-ostras","tag-prefeitura-de-rio-das-ostras"],"_links":{"self":[{"href":"https:\/\/blogdodanielgalvao.com.br\/site\/wp-json\/wp\/v2\/posts\/21649","targetHints":{"allow":["GET"]}}],"collection":[{"href":"https:\/\/blogdodanielgalvao.com.br\/site\/wp-json\/wp\/v2\/posts"}],"about":[{"href":"https:\/\/blogdodanielgalvao.com.br\/site\/wp-json\/wp\/v2\/types\/post"}],"author":[{"embeddable":true,"href":"https:\/\/blogdodanielgalvao.com.br\/site\/wp-json\/wp\/v2\/users\/2"}],"replies":[{"embeddable":true,"href":"https:\/\/blogdodanielgalvao.com.br\/site\/wp-json\/wp\/v2\/comments?post=21649"}],"version-history":[{"count":1,"href":"https:\/\/blogdodanielgalvao.com.br\/site\/wp-json\/wp\/v2\/posts\/21649\/revisions"}],"predecessor-version":[{"id":21651,"href":"https:\/\/blogdodanielgalvao.com.br\/site\/wp-json\/wp\/v2\/posts\/21649\/revisions\/21651"}],"wp:featuredmedia":[{"embeddable":true,"href":"https:\/\/blogdodanielgalvao.com.br\/site\/wp-json\/wp\/v2\/media\/21650"}],"wp:attachment":[{"href":"https:\/\/blogdodanielgalvao.com.br\/site\/wp-json\/wp\/v2\/media?parent=21649"}],"wp:term":[{"taxonomy":"category","embeddable":true,"href":"https:\/\/blogdodanielgalvao.com.br\/site\/wp-json\/wp\/v2\/categories?post=21649"},{"taxonomy":"post_tag","embeddable":true,"href":"https:\/\/blogdodanielgalvao.com.br\/site\/wp-json\/wp\/v2\/tags?post=21649"}],"curies":[{"name":"wp","href":"https:\/\/api.w.org\/{rel}","templated":true}]}}