{"id":21639,"date":"2025-07-31T17:41:58","date_gmt":"2025-07-31T20:41:58","guid":{"rendered":"https:\/\/blogdodanielgalvao.com.br\/site\/?p=21639"},"modified":"2025-07-31T17:41:58","modified_gmt":"2025-07-31T20:41:58","slug":"corrida-10-milhas-movimenta-macae-no-encerramento-do-calendario-festivo","status":"publish","type":"post","link":"https:\/\/blogdodanielgalvao.com.br\/site\/corrida-10-milhas-movimenta-macae-no-encerramento-do-calendario-festivo\/","title":{"rendered":"Corrida \u201c10 Milhas\u201d movimenta Maca\u00e9 no encerramento do calend\u00e1rio festivo"},"content":{"rendered":"<p>A tradicional corrida de rua \u201c10 Milhas Maca\u00e9\u201d ser\u00e1 realizada no pr\u00f3ximo domingo (3), encerrando o calend\u00e1rio de celebra\u00e7\u00f5es pelo anivers\u00e1rio do munic\u00edpio. O evento, promovido pela Prefeitura de Maca\u00e9 e organizado pela Secretaria Municipal de Esportes, promete movimentar a cidade e reunir cerca de tr\u00eas mil participantes, consolidando-se como um dos eventos esportivos mais aguardados do ano.<\/p>\n<p>A concentra\u00e7\u00e3o ser\u00e1 na Praia de Imbetiba, com largada marcada para as 7h, na Avenida Elias Agostinho. Os corredores seguir\u00e3o em dire\u00e7\u00e3o \u00e0 Lagoa de Imboassica, retornando ao ponto de partida. O percurso urbano, com belas paisagens litor\u00e2neas, ter\u00e1 dura\u00e7\u00e3o m\u00e1xima de duas horas.<\/p>\n<p>Ao todo, ser\u00e3o disputadas 13 categorias por faixa et\u00e1ria, tanto no masculino quanto no feminino: 16 anos, 20, 25, 30, 35, 40, 45, 50, 55, 60, 65, mais de 70 anos e a categoria Geral. Poder\u00e3o participar corredores a partir de 16 anos de idade, sendo que menores de 18 anos precisam apresentar autoriza\u00e7\u00e3o dos respons\u00e1veis.<\/p>\n<p>Os atletas inscritos receber\u00e3o o kit da corrida, composto por camisa oficial do evento e medalha de participa\u00e7\u00e3o. A entrega do material ser\u00e1 feita no s\u00e1bado (2), das 9h \u00e0s 16h, na pr\u00f3pria Avenida Elias Agostinho, pr\u00f3ximo \u00e0 sede da OAB, na Praia de Imbetiba. Para a retirada do kit, \u00e9 necess\u00e1rio apresentar o comprovante de inscri\u00e7\u00e3o ou um documento de identidade, al\u00e9m de 1 kg de alimento n\u00e3o perec\u00edvel.<\/p>\n<p>Durante o evento, os participantes contar\u00e3o com estrutura de apoio, incluindo mesa de frutas na concentra\u00e7\u00e3o e diversos pontos de hidrata\u00e7\u00e3o ao longo do percurso, garantindo o bem-estar dos corredores durante toda a prova.<\/p>\n<p>Ao fim da corrida haver\u00e1 a premia\u00e7\u00e3o com trof\u00e9us para os cinco primeiros colocados na geral masculino e feminino. A cerim\u00f4nia de entrega dos pr\u00eamios est\u00e1 marcada para \u00e0s 10h. De acordo com a Secretaria Municipal de Esportes, o principal objetivo \u00e9 fomentar localmente a pr\u00e1tica do esporte.<\/p>\n","protected":false},"excerpt":{"rendered":"<p>A tradicional corrida de rua \u201c10 Milhas Maca\u00e9\u201d ser\u00e1 realizada no pr\u00f3ximo domingo (3), encerrando o calend\u00e1rio de celebra\u00e7\u00f5es pelo anivers\u00e1rio do munic\u00edpio. O evento, promovido pela Prefeitura de Maca\u00e9 e organizado pela Secretaria Municipal de Esportes, promete movimentar a cidade e reunir cerca de tr\u00eas mil participantes, consolidando-se como um dos eventos esportivos mais [&hellip;]<\/p>\n","protected":false},"author":2,"featured_media":21641,"comment_status":"open","ping_status":"open","sticky":true,"template":"","format":"standard","meta":{"footnotes":""},"categories":[1897],"tags":[],"class_list":["post-21639","post","type-post","status-publish","format-standard","has-post-thumbnail","hentry","category-esportes"],"_links":{"self":[{"href":"https:\/\/blogdodanielgalvao.com.br\/site\/wp-json\/wp\/v2\/posts\/21639","targetHints":{"allow":["GET"]}}],"collection":[{"href":"https:\/\/blogdodanielgalvao.com.br\/site\/wp-json\/wp\/v2\/posts"}],"about":[{"href":"https:\/\/blogdodanielgalvao.com.br\/site\/wp-json\/wp\/v2\/types\/post"}],"author":[{"embeddable":true,"href":"https:\/\/blogdodanielgalvao.com.br\/site\/wp-json\/wp\/v2\/users\/2"}],"replies":[{"embeddable":true,"href":"https:\/\/blogdodanielgalvao.com.br\/site\/wp-json\/wp\/v2\/comments?post=21639"}],"version-history":[{"count":1,"href":"https:\/\/blogdodanielgalvao.com.br\/site\/wp-json\/wp\/v2\/posts\/21639\/revisions"}],"predecessor-version":[{"id":21644,"href":"https:\/\/blogdodanielgalvao.com.br\/site\/wp-json\/wp\/v2\/posts\/21639\/revisions\/21644"}],"wp:featuredmedia":[{"embeddable":true,"href":"https:\/\/blogdodanielgalvao.com.br\/site\/wp-json\/wp\/v2\/media\/21641"}],"wp:attachment":[{"href":"https:\/\/blogdodanielgalvao.com.br\/site\/wp-json\/wp\/v2\/media?parent=21639"}],"wp:term":[{"taxonomy":"category","embeddable":true,"href":"https:\/\/blogdodanielgalvao.com.br\/site\/wp-json\/wp\/v2\/categories?post=21639"},{"taxonomy":"post_tag","embeddable":true,"href":"https:\/\/blogdodanielgalvao.com.br\/site\/wp-json\/wp\/v2\/tags?post=21639"}],"curies":[{"name":"wp","href":"https:\/\/api.w.org\/{rel}","templated":true}]}}