{"id":21633,"date":"2025-07-31T17:22:34","date_gmt":"2025-07-31T20:22:34","guid":{"rendered":"https:\/\/blogdodanielgalvao.com.br\/site\/?p=21633"},"modified":"2025-07-31T17:22:34","modified_gmt":"2025-07-31T20:22:34","slug":"taxi-roubado-em-campos-e-localizado-pela-policia-militar-apos-acao-rapida","status":"publish","type":"post","link":"https:\/\/blogdodanielgalvao.com.br\/site\/taxi-roubado-em-campos-e-localizado-pela-policia-militar-apos-acao-rapida\/","title":{"rendered":"T\u00e1xi roubado em Campos \u00e9 localizado pela Pol\u00edcia Militar ap\u00f3s a\u00e7\u00e3o r\u00e1pida"},"content":{"rendered":"<p>A Pol\u00edcia Militar conseguiu recuperar um taxi roubado em Campos. O caso aconteceu na madrugada desta quinta-feira (31), quando um taxista foi acionado para uma corrida na Pra\u00e7a S\u00e3o Salvador. A solicita\u00e7\u00e3o veio \u00e0s 5h e segundo informa\u00e7\u00f5es, o ve\u00edculo tinha como destino o Parque Aeroporto, em Guarus.<\/p>\n<p>No meio do trajeto, o passageiro anunciou o assalto. Segundo informa\u00e7\u00f5es, ele e o motorista chegaram a entrar em luta corporal com o criminoso conseguindo fugir com o carro, um aparelho celular e R$ 300,00 em esp\u00e9cie. O homem estava armado e amea\u00e7ou tirar a vida do trabalhador.<\/p>\n<p>Ap\u00f3s o assalto, o taxista abordou uma viatura da PM e relatou o que aconteceu. Ap\u00f3s buscas na regi\u00e3o, os agentes conseguiram localizar o ve\u00edculo roubado estacionado na Rua Expedicion\u00e1rio In\u00e1cio Gomes, no bairro Presidente Vargas.<\/p>\n<p>A m\u00e1 not\u00edcia \u00e9 que o celular e o dinheiro n\u00e3o foram recuperados. A pol\u00edcia informou que o ve\u00edculo ser\u00e1 submetido a per\u00edcia. O caso est\u00e1 sendo investigado pela 146\u00aa DP.<\/p>\n","protected":false},"excerpt":{"rendered":"<p>A Pol\u00edcia Militar conseguiu recuperar um taxi roubado em Campos. O caso aconteceu na madrugada desta quinta-feira (31), quando um taxista foi acionado para uma corrida na Pra\u00e7a S\u00e3o Salvador. A solicita\u00e7\u00e3o veio \u00e0s 5h e segundo informa\u00e7\u00f5es, o ve\u00edculo tinha como destino o Parque Aeroporto, em Guarus. No meio do trajeto, o passageiro anunciou [&hellip;]<\/p>\n","protected":false},"author":2,"featured_media":21634,"comment_status":"open","ping_status":"open","sticky":true,"template":"","format":"standard","meta":{"footnotes":""},"categories":[1899],"tags":[494],"class_list":["post-21633","post","type-post","status-publish","format-standard","has-post-thumbnail","hentry","category-policia","tag-policia"],"_links":{"self":[{"href":"https:\/\/blogdodanielgalvao.com.br\/site\/wp-json\/wp\/v2\/posts\/21633","targetHints":{"allow":["GET"]}}],"collection":[{"href":"https:\/\/blogdodanielgalvao.com.br\/site\/wp-json\/wp\/v2\/posts"}],"about":[{"href":"https:\/\/blogdodanielgalvao.com.br\/site\/wp-json\/wp\/v2\/types\/post"}],"author":[{"embeddable":true,"href":"https:\/\/blogdodanielgalvao.com.br\/site\/wp-json\/wp\/v2\/users\/2"}],"replies":[{"embeddable":true,"href":"https:\/\/blogdodanielgalvao.com.br\/site\/wp-json\/wp\/v2\/comments?post=21633"}],"version-history":[{"count":1,"href":"https:\/\/blogdodanielgalvao.com.br\/site\/wp-json\/wp\/v2\/posts\/21633\/revisions"}],"predecessor-version":[{"id":21635,"href":"https:\/\/blogdodanielgalvao.com.br\/site\/wp-json\/wp\/v2\/posts\/21633\/revisions\/21635"}],"wp:featuredmedia":[{"embeddable":true,"href":"https:\/\/blogdodanielgalvao.com.br\/site\/wp-json\/wp\/v2\/media\/21634"}],"wp:attachment":[{"href":"https:\/\/blogdodanielgalvao.com.br\/site\/wp-json\/wp\/v2\/media?parent=21633"}],"wp:term":[{"taxonomy":"category","embeddable":true,"href":"https:\/\/blogdodanielgalvao.com.br\/site\/wp-json\/wp\/v2\/categories?post=21633"},{"taxonomy":"post_tag","embeddable":true,"href":"https:\/\/blogdodanielgalvao.com.br\/site\/wp-json\/wp\/v2\/tags?post=21633"}],"curies":[{"name":"wp","href":"https:\/\/api.w.org\/{rel}","templated":true}]}}