{"id":21627,"date":"2025-07-31T16:39:41","date_gmt":"2025-07-31T19:39:41","guid":{"rendered":"https:\/\/blogdodanielgalvao.com.br\/site\/?p=21627"},"modified":"2025-07-31T16:39:41","modified_gmt":"2025-07-31T19:39:41","slug":"disputa-acirrada-promete-marcar-o-campeonato-serrano-de-veteranos-2025","status":"publish","type":"post","link":"https:\/\/blogdodanielgalvao.com.br\/site\/disputa-acirrada-promete-marcar-o-campeonato-serrano-de-veteranos-2025\/","title":{"rendered":"Disputa acirrada promete marcar o Campeonato Serrano de Veteranos 2025"},"content":{"rendered":"<p>Com organiza\u00e7\u00e3o da Prefeitura de Maca\u00e9, por meio da Secretaria Municipal de Esportes, come\u00e7a neste s\u00e1bado (2) a edi\u00e7\u00e3o 2025 do Campeonato Serrano de Veteranos, que chega ao seu terceiro ano consecutivo. A competi\u00e7\u00e3o contar\u00e1 com sete equipes: Para\u00edso Futebol Clube e Trapiche, representantes do distrito do Trapiche; XV Amigos CDO e Uni\u00e3o CDO, ambos de C\u00f3rrego do Ouro; Frade, do distrito hom\u00f4nimo; Sana, do Sana; e Bicuda, da Bicuda. Cada time poder\u00e1 inscrever at\u00e9 30 atletas, todos nascidos a partir de 1985.<\/p>\n<p>De acordo com o regulamento, a primeira fase ser\u00e1 disputada em turno \u00fanico, com todos os times jogando entre si. Os quatro melhores colocados avan\u00e7am \u00e0s semifinais. Em 2024, o t\u00edtulo ficou com o Para\u00edso Futebol Clube, do Trapiche, que agora defende o trof\u00e9u.<\/p>\n<p>A rodada de abertura ser\u00e1 realizada no campo do Trapiche e contar\u00e1 com tr\u00eas partidas. \u00c0s 12h, o XV Amigos CDO enfrenta o Uni\u00e3o CDO. Em seguida, \u00e0s 13h30, o time do Trapiche encara a equipe da Bicuda. Fechando o dia, \u00e0s 15h, o Para\u00edso Futebol Clube joga contra o Frade. Nesta primeira rodada, a equipe do Sana estar\u00e1 de folga.<\/p>\n<p>Confira a tabela deste fim de semana:<br \/>\n1\u00aa Rodada (dia 02\/08 &#8211; s\u00e1bado)<br \/>\n12h &#8211; XV Amigos CDO x Uni\u00e3o CDO<\/p>\n<p>13h30 &#8211; Trapiche x Bicuda<br \/>\n15h &#8211; Para\u00edso FC x Frade<br \/>\nFolga &#8211; Sana<br \/>\nLocal: Trapiche<\/p>\n","protected":false},"excerpt":{"rendered":"<p>Com organiza\u00e7\u00e3o da Prefeitura de Maca\u00e9, por meio da Secretaria Municipal de Esportes, come\u00e7a neste s\u00e1bado (2) a edi\u00e7\u00e3o 2025 do Campeonato Serrano de Veteranos, que chega ao seu terceiro ano consecutivo. A competi\u00e7\u00e3o contar\u00e1 com sete equipes: Para\u00edso Futebol Clube e Trapiche, representantes do distrito do Trapiche; XV Amigos CDO e Uni\u00e3o CDO, ambos [&hellip;]<\/p>\n","protected":false},"author":2,"featured_media":21629,"comment_status":"open","ping_status":"open","sticky":true,"template":"","format":"standard","meta":{"footnotes":""},"categories":[1897],"tags":[2909],"class_list":["post-21627","post","type-post","status-publish","format-standard","has-post-thumbnail","hentry","category-esportes","tag-campeonato-serrano-de-veteranos-2025"],"_links":{"self":[{"href":"https:\/\/blogdodanielgalvao.com.br\/site\/wp-json\/wp\/v2\/posts\/21627","targetHints":{"allow":["GET"]}}],"collection":[{"href":"https:\/\/blogdodanielgalvao.com.br\/site\/wp-json\/wp\/v2\/posts"}],"about":[{"href":"https:\/\/blogdodanielgalvao.com.br\/site\/wp-json\/wp\/v2\/types\/post"}],"author":[{"embeddable":true,"href":"https:\/\/blogdodanielgalvao.com.br\/site\/wp-json\/wp\/v2\/users\/2"}],"replies":[{"embeddable":true,"href":"https:\/\/blogdodanielgalvao.com.br\/site\/wp-json\/wp\/v2\/comments?post=21627"}],"version-history":[{"count":1,"href":"https:\/\/blogdodanielgalvao.com.br\/site\/wp-json\/wp\/v2\/posts\/21627\/revisions"}],"predecessor-version":[{"id":21630,"href":"https:\/\/blogdodanielgalvao.com.br\/site\/wp-json\/wp\/v2\/posts\/21627\/revisions\/21630"}],"wp:featuredmedia":[{"embeddable":true,"href":"https:\/\/blogdodanielgalvao.com.br\/site\/wp-json\/wp\/v2\/media\/21629"}],"wp:attachment":[{"href":"https:\/\/blogdodanielgalvao.com.br\/site\/wp-json\/wp\/v2\/media?parent=21627"}],"wp:term":[{"taxonomy":"category","embeddable":true,"href":"https:\/\/blogdodanielgalvao.com.br\/site\/wp-json\/wp\/v2\/categories?post=21627"},{"taxonomy":"post_tag","embeddable":true,"href":"https:\/\/blogdodanielgalvao.com.br\/site\/wp-json\/wp\/v2\/tags?post=21627"}],"curies":[{"name":"wp","href":"https:\/\/api.w.org\/{rel}","templated":true}]}}