{"id":21624,"date":"2025-07-31T16:20:34","date_gmt":"2025-07-31T19:20:34","guid":{"rendered":"https:\/\/blogdodanielgalvao.com.br\/site\/?p=21624"},"modified":"2025-07-31T16:20:34","modified_gmt":"2025-07-31T19:20:34","slug":"vacinacao-antirrabica-avanca-por-diversos-bairros-de-macae-nesta-semana","status":"publish","type":"post","link":"https:\/\/blogdodanielgalvao.com.br\/site\/vacinacao-antirrabica-avanca-por-diversos-bairros-de-macae-nesta-semana\/","title":{"rendered":"Vacina\u00e7\u00e3o antirr\u00e1bica avan\u00e7a por diversos bairros de Maca\u00e9 nesta semana"},"content":{"rendered":"<p>Maca\u00e9 est\u00e1 dando continuidade a campanha de vacina\u00e7\u00e3o antirr\u00e1bica. Nesta semana, o servi\u00e7o est\u00e1 sendo disponibilizado em diversos bairros da cidade. De acordo com a programa\u00e7\u00e3o, nesta quinta-feira (31), a vacina\u00e7\u00e3o est\u00e1 sendo realizada no bairro Nova Holanda, na Rua 1, na Associa\u00e7\u00e3o de Moradores.<\/p>\n<p>Ainda de acordo com o cronograma oficial, nesta sexta-feira (1\u00ba) a vacina\u00e7\u00e3o ser\u00e1 realizada no bairro Nova Esperan\u00e7a, na Rua Piracema, no Campo da China. As autoridades respons\u00e1veis refor\u00e7am que a vacina deve ser aplicada uma vez por ano. Ela \u00e9 de extrema import\u00e2ncia pois \u00e9 a \u00fanica forma de preven\u00e7\u00e3o e combate \u00e0 raiva.<\/p>\n<p>Dentre os requisitos para receber a vacina, o animal n\u00e3o pode estar doente e precisa ser levado por um adulto com a carteira de vacina\u00e7\u00e3o. A imuniza\u00e7\u00e3o n\u00e3o \u00e9 recomendada para f\u00eameas que estejam amamentando ou esperando filhotes.<\/p>\n<p>Os propriet\u00e1rios de c\u00e3es devem lev\u00e1-los presos em guias, e os gatos devem ser transportados em gaiolas ou caixas especiais, para evitar acidentes.<\/p>\n<p>Em caso de d\u00favidas, a popula\u00e7\u00e3o pode entrar em contato com a Ger\u00eancia de Vigil\u00e2ncia Ambiental que funciona \u00e0 Rua Vereador Manoel Braga, 425, Centro de Maca\u00e9, ou atrav\u00e9s do e-mail cevas@macae.rj.gov.br ou, ainda, pelo Disque Dengue (0800-022-6461), com liga\u00e7\u00e3o gratuita, e o WhatsApp Aedes (22) 2772-6461.<\/p>\n","protected":false},"excerpt":{"rendered":"<p>Maca\u00e9 est\u00e1 dando continuidade a campanha de vacina\u00e7\u00e3o antirr\u00e1bica. Nesta semana, o servi\u00e7o est\u00e1 sendo disponibilizado em diversos bairros da cidade. De acordo com a programa\u00e7\u00e3o, nesta quinta-feira (31), a vacina\u00e7\u00e3o est\u00e1 sendo realizada no bairro Nova Holanda, na Rua 1, na Associa\u00e7\u00e3o de Moradores. Ainda de acordo com o cronograma oficial, nesta sexta-feira (1\u00ba) [&hellip;]<\/p>\n","protected":false},"author":2,"featured_media":21625,"comment_status":"open","ping_status":"open","sticky":true,"template":"","format":"standard","meta":{"footnotes":""},"categories":[2113],"tags":[2908],"class_list":["post-21624","post","type-post","status-publish","format-standard","has-post-thumbnail","hentry","category-saude","tag-campanha-de-vacinacao-antirrabica"],"_links":{"self":[{"href":"https:\/\/blogdodanielgalvao.com.br\/site\/wp-json\/wp\/v2\/posts\/21624","targetHints":{"allow":["GET"]}}],"collection":[{"href":"https:\/\/blogdodanielgalvao.com.br\/site\/wp-json\/wp\/v2\/posts"}],"about":[{"href":"https:\/\/blogdodanielgalvao.com.br\/site\/wp-json\/wp\/v2\/types\/post"}],"author":[{"embeddable":true,"href":"https:\/\/blogdodanielgalvao.com.br\/site\/wp-json\/wp\/v2\/users\/2"}],"replies":[{"embeddable":true,"href":"https:\/\/blogdodanielgalvao.com.br\/site\/wp-json\/wp\/v2\/comments?post=21624"}],"version-history":[{"count":1,"href":"https:\/\/blogdodanielgalvao.com.br\/site\/wp-json\/wp\/v2\/posts\/21624\/revisions"}],"predecessor-version":[{"id":21626,"href":"https:\/\/blogdodanielgalvao.com.br\/site\/wp-json\/wp\/v2\/posts\/21624\/revisions\/21626"}],"wp:featuredmedia":[{"embeddable":true,"href":"https:\/\/blogdodanielgalvao.com.br\/site\/wp-json\/wp\/v2\/media\/21625"}],"wp:attachment":[{"href":"https:\/\/blogdodanielgalvao.com.br\/site\/wp-json\/wp\/v2\/media?parent=21624"}],"wp:term":[{"taxonomy":"category","embeddable":true,"href":"https:\/\/blogdodanielgalvao.com.br\/site\/wp-json\/wp\/v2\/categories?post=21624"},{"taxonomy":"post_tag","embeddable":true,"href":"https:\/\/blogdodanielgalvao.com.br\/site\/wp-json\/wp\/v2\/tags?post=21624"}],"curies":[{"name":"wp","href":"https:\/\/api.w.org\/{rel}","templated":true}]}}