{"id":21619,"date":"2025-07-31T16:03:54","date_gmt":"2025-07-31T19:03:54","guid":{"rendered":"https:\/\/blogdodanielgalvao.com.br\/site\/?p=21619"},"modified":"2025-07-31T16:03:54","modified_gmt":"2025-07-31T19:03:54","slug":"curso-do-mec-voltado-para-alfabetizacao-conta-com-participacao-de-profissionais-de-rio-das-ostras","status":"publish","type":"post","link":"https:\/\/blogdodanielgalvao.com.br\/site\/curso-do-mec-voltado-para-alfabetizacao-conta-com-participacao-de-profissionais-de-rio-das-ostras\/","title":{"rendered":"Curso do MEC voltado para alfabetiza\u00e7\u00e3o conta com participa\u00e7\u00e3o de profissionais de Rio das Ostras"},"content":{"rendered":"<p>O Minist\u00e9rio da Educa\u00e7\u00e3o (MEC) promove, em Rio das Ostras, uma etapa presencial de forma\u00e7\u00e3o dos profissionais da Educa\u00e7\u00e3o no Compromisso Nacional Crian\u00e7a Alfabetizada (CNCA), em parceria com as redes estadual e municipal de ensino.<\/p>\n<p>O objetivo da forma\u00e7\u00e3o, que deve contar com 588 profissionais da rede p\u00fablica municipal de Rio das Ostras, \u00e9 aprofundar estrat\u00e9gias pedag\u00f3gicas e alinhar a\u00e7\u00f5es voltadas \u00e0 alfabetiza\u00e7\u00e3o na chamada idade regular, ou seja, at\u00e9 os 7 anos de idade.<\/p>\n<p>De acordo com a prefeitura, a previs\u00e3o \u00e9 que todos os 588 servidores da educa\u00e7\u00e3o municipal matriculados no curso participem da forma\u00e7\u00e3o oferecida pelo CNCA, que ter\u00e1 encontros presenciais at\u00e9 o pr\u00f3ximo m\u00eas de novembro.<\/p>\n<p>Os encontros do curso de forma\u00e7\u00e3o do CNCA acontecem no N\u00facleo de Gest\u00e3o Pedag\u00f3gica (Nugepe), na Extens\u00e3o do Bosque, e na Escola Estadual Fazendas Reunidas Atl\u00e2ntica Municipalizada, no Village Rio das Ostras.<\/p>\n<p>Os cursos contar\u00e3o com a participa\u00e7\u00e3o de professores, coordenadores pedag\u00f3gicos, gestores escolares e t\u00e9cnicos da Secretaria de Educa\u00e7\u00e3o, Esporte e Lazer, que ter\u00e3o acesso a oficinas, debates e momentos de troca de experi\u00eancias com foco no fortalecimento das pr\u00e1ticas alfabetizadoras.<\/p>\n<p>Segundo o munic\u00edpio, a forma\u00e7\u00e3o acontece na chamada modalidade mista, com o curso dividido em 5 trilhas formativas, abordando metodologias e estrat\u00e9gias inovadoras para o aprimoramento da alfabetiza\u00e7\u00e3o e recomposi\u00e7\u00e3o das aprendizagens, al\u00e9m das legisla\u00e7\u00f5es, planejamento e diretrizes relacionados ao tema.<\/p>\n<p>Para o gerente de Forma\u00e7\u00e3o Continuada da Secretaria de Educa\u00e7\u00e3o de Rio das Ostras, Arildo Amaral, a etapa presencial marca mais um avan\u00e7o na implementa\u00e7\u00e3o do programa, promovendo o engajamento da rede p\u00fablica municipal de ensino.<\/p>\n<p>Al\u00e9m disso, o curso de forma\u00e7\u00e3o do CNCA, do MEC, promete ajudar a fortalecer a colabora\u00e7\u00e3o entre os entes federativos na miss\u00e3o de garantir o direito \u00e0 alfabetiza\u00e7\u00e3o de qualidade para todas as crian\u00e7as doe Rio das Ostras<\/p>\n<p>\u201cA forma\u00e7\u00e3o presencial \u00e9 um momento fundamental para que os profissionais possam dialogar, refletir sobre suas pr\u00e1ticas e construir coletivamente caminhos para melhorar a aprendizagem das crian\u00e7as\u201d, avalia Arildo Amaral.<\/p>\n<p>Ainda de acordo com a prefeitura, a cidade lidera entre os munic\u00edpios do interior do Estado, em total de profissionais inscritos, formando a maior delega\u00e7\u00e3o de profissionais multiplicadores do CNCA em toda a regi\u00e3o.<\/p>\n<p>Lan\u00e7ado pelo governo federal em junho de 2023, o programa CNCA tem o objetivo de articular esfor\u00e7os da Uni\u00e3o, estados, Distrito Federal (DF), e munic\u00edpios visando a garantir da alfabetiza\u00e7\u00e3o de todas as crian\u00e7as ao final do 2\u00ba ano do Ensino Fundamental.<\/p>\n<p>Al\u00e9m disso, o programa tem como objetivo tamb\u00e9m a promo\u00e7\u00e3o da recomposi\u00e7\u00e3o das aprendizagens para aquelas que est\u00e3o matriculadas nos anos subsequentes o 5\u00ba ano do Ensino Fundamental, e que possam ter sido afetados pelas medidas restritivas da pandemia do coronav\u00edrus.<\/p>\n<p>Entre seus princ\u00edpios, o programa estabelece a promo\u00e7\u00e3o da equidade educacional, considerando os aspectos regionais, socioecon\u00f4micos, \u00e9tnico-raciais e de g\u00eanero; a colabora\u00e7\u00e3o entre os entes federativos; e o fortalecimento das formas de coopera\u00e7\u00e3o entre estados e munic\u00edpios.<\/p>\n","protected":false},"excerpt":{"rendered":"<p>O Minist\u00e9rio da Educa\u00e7\u00e3o (MEC) promove, em Rio das Ostras, uma etapa presencial de forma\u00e7\u00e3o dos profissionais da Educa\u00e7\u00e3o no Compromisso Nacional Crian\u00e7a Alfabetizada (CNCA), em parceria com as redes estadual e municipal de ensino. O objetivo da forma\u00e7\u00e3o, que deve contar com 588 profissionais da rede p\u00fablica municipal de Rio das Ostras, \u00e9 aprofundar [&hellip;]<\/p>\n","protected":false},"author":2,"featured_media":21622,"comment_status":"open","ping_status":"open","sticky":true,"template":"","format":"standard","meta":{"footnotes":""},"categories":[2097],"tags":[2907],"class_list":["post-21619","post","type-post","status-publish","format-standard","has-post-thumbnail","hentry","category-educacao","tag-formacao-dos-profissionais-da-educacao-no-compromisso-nacional-crianca-alfabetizada-cnca"],"_links":{"self":[{"href":"https:\/\/blogdodanielgalvao.com.br\/site\/wp-json\/wp\/v2\/posts\/21619","targetHints":{"allow":["GET"]}}],"collection":[{"href":"https:\/\/blogdodanielgalvao.com.br\/site\/wp-json\/wp\/v2\/posts"}],"about":[{"href":"https:\/\/blogdodanielgalvao.com.br\/site\/wp-json\/wp\/v2\/types\/post"}],"author":[{"embeddable":true,"href":"https:\/\/blogdodanielgalvao.com.br\/site\/wp-json\/wp\/v2\/users\/2"}],"replies":[{"embeddable":true,"href":"https:\/\/blogdodanielgalvao.com.br\/site\/wp-json\/wp\/v2\/comments?post=21619"}],"version-history":[{"count":1,"href":"https:\/\/blogdodanielgalvao.com.br\/site\/wp-json\/wp\/v2\/posts\/21619\/revisions"}],"predecessor-version":[{"id":21623,"href":"https:\/\/blogdodanielgalvao.com.br\/site\/wp-json\/wp\/v2\/posts\/21619\/revisions\/21623"}],"wp:featuredmedia":[{"embeddable":true,"href":"https:\/\/blogdodanielgalvao.com.br\/site\/wp-json\/wp\/v2\/media\/21622"}],"wp:attachment":[{"href":"https:\/\/blogdodanielgalvao.com.br\/site\/wp-json\/wp\/v2\/media?parent=21619"}],"wp:term":[{"taxonomy":"category","embeddable":true,"href":"https:\/\/blogdodanielgalvao.com.br\/site\/wp-json\/wp\/v2\/categories?post=21619"},{"taxonomy":"post_tag","embeddable":true,"href":"https:\/\/blogdodanielgalvao.com.br\/site\/wp-json\/wp\/v2\/tags?post=21619"}],"curies":[{"name":"wp","href":"https:\/\/api.w.org\/{rel}","templated":true}]}}