{"id":21618,"date":"2025-07-31T16:01:00","date_gmt":"2025-07-31T19:01:00","guid":{"rendered":"https:\/\/blogdodanielgalvao.com.br\/site\/?p=21618"},"modified":"2025-07-31T16:01:00","modified_gmt":"2025-07-31T19:01:00","slug":"cabo-frio-articula-acoes-para-garantir-logistica-e-seguranca-na-festa-da-padroeira","status":"publish","type":"post","link":"https:\/\/blogdodanielgalvao.com.br\/site\/cabo-frio-articula-acoes-para-garantir-logistica-e-seguranca-na-festa-da-padroeira\/","title":{"rendered":"Cabo Frio articula a\u00e7\u00f5es para garantir log\u00edstica e seguran\u00e7a na Festa da Padroeira"},"content":{"rendered":"<p>A celebra\u00e7\u00e3o de Nossa Senhora da Assun\u00e7\u00e3o, padroeira de Cabo Frio, j\u00e1 tem data marcada: de 15 a 17 de agosto. Para que o evento aconte\u00e7a de forma segura e bem estruturada, foi realizada nesta quarta-feira (30) uma reuni\u00e3o de planejamento com a participa\u00e7\u00e3o de diferentes secretarias e \u00f3rg\u00e3os envolvidos na organiza\u00e7\u00e3o da festa.<\/p>\n<p>Estiveram presentes representantes da Secretaria de Seguran\u00e7a e Ordem P\u00fablica, da Secretaria Adjunta de Licenciamento e Fiscaliza\u00e7\u00e3o, da Secretaria Adjunta de Eventos, da Secretaria de Mobilidade Urbana, da Comsercaf, da Secretaria de Meio Ambiente, Saneamento e Clima, al\u00e9m da Guarda Civil Municipal, da Defesa Civil, do 25\u00ba BPM da Pol\u00edcia Militar, da empresa Salineira e do padre Marcelo Chelles, respons\u00e1vel pela par\u00f3quia.<\/p>\n<p>Durante o encontro, foram discutidos detalhes sobre estrutura de palco, grade de shows, controle do tr\u00e2nsito, seguran\u00e7a, servi\u00e7os de limpeza urbana e log\u00edstica em geral. Tamb\u00e9m foram definidos os preparativos para a tradicional Corrida da Padroeira, que acontecer\u00e1 no dia 10 de agosto, como parte da programa\u00e7\u00e3o religiosa e cultural.<\/p>\n<p>A programa\u00e7\u00e3o oficial do evento ser\u00e1 divulgada em breve pela Secretaria Adjunta de Eventos, com todas as atra\u00e7\u00f5es e atividades previstas para os\u00a0dias\u00a0de\u00a0festa.<\/p>\n","protected":false},"excerpt":{"rendered":"<p>A celebra\u00e7\u00e3o de Nossa Senhora da Assun\u00e7\u00e3o, padroeira de Cabo Frio, j\u00e1 tem data marcada: de 15 a 17 de agosto. Para que o evento aconte\u00e7a de forma segura e bem estruturada, foi realizada nesta quarta-feira (30) uma reuni\u00e3o de planejamento com a participa\u00e7\u00e3o de diferentes secretarias e \u00f3rg\u00e3os envolvidos na organiza\u00e7\u00e3o da festa. Estiveram [&hellip;]<\/p>\n","protected":false},"author":2,"featured_media":21620,"comment_status":"open","ping_status":"open","sticky":true,"template":"","format":"standard","meta":{"footnotes":""},"categories":[340],"tags":[1896],"class_list":["post-21618","post","type-post","status-publish","format-standard","has-post-thumbnail","hentry","category-cabo-frio","tag-destaque"],"_links":{"self":[{"href":"https:\/\/blogdodanielgalvao.com.br\/site\/wp-json\/wp\/v2\/posts\/21618","targetHints":{"allow":["GET"]}}],"collection":[{"href":"https:\/\/blogdodanielgalvao.com.br\/site\/wp-json\/wp\/v2\/posts"}],"about":[{"href":"https:\/\/blogdodanielgalvao.com.br\/site\/wp-json\/wp\/v2\/types\/post"}],"author":[{"embeddable":true,"href":"https:\/\/blogdodanielgalvao.com.br\/site\/wp-json\/wp\/v2\/users\/2"}],"replies":[{"embeddable":true,"href":"https:\/\/blogdodanielgalvao.com.br\/site\/wp-json\/wp\/v2\/comments?post=21618"}],"version-history":[{"count":1,"href":"https:\/\/blogdodanielgalvao.com.br\/site\/wp-json\/wp\/v2\/posts\/21618\/revisions"}],"predecessor-version":[{"id":21621,"href":"https:\/\/blogdodanielgalvao.com.br\/site\/wp-json\/wp\/v2\/posts\/21618\/revisions\/21621"}],"wp:featuredmedia":[{"embeddable":true,"href":"https:\/\/blogdodanielgalvao.com.br\/site\/wp-json\/wp\/v2\/media\/21620"}],"wp:attachment":[{"href":"https:\/\/blogdodanielgalvao.com.br\/site\/wp-json\/wp\/v2\/media?parent=21618"}],"wp:term":[{"taxonomy":"category","embeddable":true,"href":"https:\/\/blogdodanielgalvao.com.br\/site\/wp-json\/wp\/v2\/categories?post=21618"},{"taxonomy":"post_tag","embeddable":true,"href":"https:\/\/blogdodanielgalvao.com.br\/site\/wp-json\/wp\/v2\/tags?post=21618"}],"curies":[{"name":"wp","href":"https:\/\/api.w.org\/{rel}","templated":true}]}}