{"id":21575,"date":"2025-07-30T15:31:20","date_gmt":"2025-07-30T18:31:20","guid":{"rendered":"https:\/\/blogdodanielgalvao.com.br\/site\/?p=21575"},"modified":"2025-07-30T15:31:20","modified_gmt":"2025-07-30T18:31:20","slug":"duna-se-move-com-forca-do-vento-e-leva-areia-para-a-pista-em-arraial","status":"publish","type":"post","link":"https:\/\/blogdodanielgalvao.com.br\/site\/duna-se-move-com-forca-do-vento-e-leva-areia-para-a-pista-em-arraial\/","title":{"rendered":"Duna se move com for\u00e7a do vento e leva areia para a pista em Arraial"},"content":{"rendered":"<p>As fortes rajadas de vento que atingiram Arraial do Cabo nesta segunda-feira (29) provocaram o deslocamento da duna localizada na Praia Grande, resultando no ac\u00famulo de areia sobre a pista de tr\u00e1fego.<\/p>\n<p>Ainda nas primeiras horas do dia, equipes da Secretaria Municipal de Servi\u00e7os P\u00fablicos foram mobilizadas para remover o excesso de areia e restabelecer a seguran\u00e7a vi\u00e1ria. O material foi devolvido \u00e0 base da duna, minimizando riscos para motoristas e motociclistas que circulam pela \u00e1rea.<\/p>\n<p>Apesar da a\u00e7\u00e3o r\u00e1pida, os ventos continuam persistentes e exigem aten\u00e7\u00e3o redobrada dos condutores ao cruzar o trecho. A Defesa Civil refor\u00e7a que este tipo de ocorr\u00eancia \u00e9 comum neste per\u00edodo do ano, quando Arraial do Cabo entra oficialmente na chamada temporada de ventos.<\/p>\n<p>A recomenda\u00e7\u00e3o \u00e9 manter velocidade reduzida e aten\u00e7\u00e3o total ao trafegar por regi\u00f5es litor\u00e2neas afetadas pela movimenta\u00e7\u00e3o\u00a0de\u00a0areia.<\/p>\n","protected":false},"excerpt":{"rendered":"<p>As fortes rajadas de vento que atingiram Arraial do Cabo nesta segunda-feira (29) provocaram o deslocamento da duna localizada na Praia Grande, resultando no ac\u00famulo de areia sobre a pista de tr\u00e1fego. Ainda nas primeiras horas do dia, equipes da Secretaria Municipal de Servi\u00e7os P\u00fablicos foram mobilizadas para remover o excesso de areia e restabelecer [&hellip;]<\/p>\n","protected":false},"author":2,"featured_media":21576,"comment_status":"open","ping_status":"open","sticky":true,"template":"","format":"standard","meta":{"footnotes":""},"categories":[838],"tags":[1896],"class_list":["post-21575","post","type-post","status-publish","format-standard","has-post-thumbnail","hentry","category-arraial-do-cabo","tag-destaque"],"_links":{"self":[{"href":"https:\/\/blogdodanielgalvao.com.br\/site\/wp-json\/wp\/v2\/posts\/21575","targetHints":{"allow":["GET"]}}],"collection":[{"href":"https:\/\/blogdodanielgalvao.com.br\/site\/wp-json\/wp\/v2\/posts"}],"about":[{"href":"https:\/\/blogdodanielgalvao.com.br\/site\/wp-json\/wp\/v2\/types\/post"}],"author":[{"embeddable":true,"href":"https:\/\/blogdodanielgalvao.com.br\/site\/wp-json\/wp\/v2\/users\/2"}],"replies":[{"embeddable":true,"href":"https:\/\/blogdodanielgalvao.com.br\/site\/wp-json\/wp\/v2\/comments?post=21575"}],"version-history":[{"count":1,"href":"https:\/\/blogdodanielgalvao.com.br\/site\/wp-json\/wp\/v2\/posts\/21575\/revisions"}],"predecessor-version":[{"id":21577,"href":"https:\/\/blogdodanielgalvao.com.br\/site\/wp-json\/wp\/v2\/posts\/21575\/revisions\/21577"}],"wp:featuredmedia":[{"embeddable":true,"href":"https:\/\/blogdodanielgalvao.com.br\/site\/wp-json\/wp\/v2\/media\/21576"}],"wp:attachment":[{"href":"https:\/\/blogdodanielgalvao.com.br\/site\/wp-json\/wp\/v2\/media?parent=21575"}],"wp:term":[{"taxonomy":"category","embeddable":true,"href":"https:\/\/blogdodanielgalvao.com.br\/site\/wp-json\/wp\/v2\/categories?post=21575"},{"taxonomy":"post_tag","embeddable":true,"href":"https:\/\/blogdodanielgalvao.com.br\/site\/wp-json\/wp\/v2\/tags?post=21575"}],"curies":[{"name":"wp","href":"https:\/\/api.w.org\/{rel}","templated":true}]}}