{"id":21568,"date":"2025-07-30T15:21:02","date_gmt":"2025-07-30T18:21:02","guid":{"rendered":"https:\/\/blogdodanielgalvao.com.br\/site\/?p=21568"},"modified":"2025-07-30T15:21:02","modified_gmt":"2025-07-30T18:21:02","slug":"implantacao-de-bpm-em-araruama-tem-novo-capitulo-apos-visita-do-estado","status":"publish","type":"post","link":"https:\/\/blogdodanielgalvao.com.br\/site\/implantacao-de-bpm-em-araruama-tem-novo-capitulo-apos-visita-do-estado\/","title":{"rendered":"Implanta\u00e7\u00e3o de BPM em Araruama tem novo cap\u00edtulo ap\u00f3s visita do Estado"},"content":{"rendered":"<p>A prefeita de Araruama, Daniela Soares (PL), recebeu, nessa semana, a visita de uma equipe t\u00e9cnica da Secretaria Estadual de Pol\u00edcia Militar com objetivo de avan\u00e7ar no projeto de implanta\u00e7\u00e3o de um Batalh\u00e3o da PM (BPM) no munic\u00edpio.<\/p>\n<p>A visita t\u00e9cnica contou com a participa\u00e7\u00e3o da diretora de engenharia da PM, a tenente-coronel Karla Queir\u00f3s, que realizou uma inspe\u00e7\u00e3o no local onde funciona a 3\u00aa Companhia (3\u00aa CIA), do 25\u00ba BPM, de Cabo Frio.<\/p>\n<p>De acordo com a prefeitura, a reuni\u00e3o dessa semana refor\u00e7a o an\u00fancio feito pelo governador Cl\u00e1udio Castro (PL), durante um evento realizado em Cabo Frio, h\u00e1 pouco mais de 10 dias, seguido de uma reuni\u00e3o entre a prefeita de Araruama e o comando da PM, no Rio, na \u00faltima semana.<\/p>\n<p>Cumprindo agenda na capital fluminense na semana passada, a prefeita discutiu a viabiliza\u00e7\u00e3o do BPM na cidade em uma reuni\u00e3o com o secret\u00e1rio estadual da PM, o coronel Marcelo de Menezes, que tamb\u00e9m \u00e9 comandante-geral da corpora\u00e7\u00e3o.<\/p>\n<p>\u201cEstamos empenhados em garantir mais seguran\u00e7a e tranquilidade para os araruamenses. Seguimos trabalhando com responsabilidade e di\u00e1logo para tornar esse projeto uma realidade\u201d, contou Daniela Soares.<\/p>\n<p>Ainda segundo a prefeitura, a atual seguir\u00e1 com a pol\u00edtica de di\u00e1logo permanente com o Governo do Estado, visando a uni\u00e3o de esfor\u00e7os com objetivo de fortalecer as pol\u00edticas p\u00fablicas de seguran\u00e7a e investir no bem-estar da popula\u00e7\u00e3o de Araruama.<\/p>\n<p>\u201cA cria\u00e7\u00e3o do Batalh\u00e3o em Araruama representa um passo estrat\u00e9gico para ampliar a presen\u00e7a das for\u00e7as de seguran\u00e7a na cidade, contribuindo para a prote\u00e7\u00e3o da popula\u00e7\u00e3o, a agilidade no atendimento das ocorr\u00eancias e o combate mais efetivo \u00e0 criminalidade\u201d, afirmou o munic\u00edpio.<\/p>\n","protected":false},"excerpt":{"rendered":"<p>A prefeita de Araruama, Daniela Soares (PL), recebeu, nessa semana, a visita de uma equipe t\u00e9cnica da Secretaria Estadual de Pol\u00edcia Militar com objetivo de avan\u00e7ar no projeto de implanta\u00e7\u00e3o de um Batalh\u00e3o da PM (BPM) no munic\u00edpio. A visita t\u00e9cnica contou com a participa\u00e7\u00e3o da diretora de engenharia da PM, a tenente-coronel Karla Queir\u00f3s, [&hellip;]<\/p>\n","protected":false},"author":2,"featured_media":21569,"comment_status":"open","ping_status":"open","sticky":true,"template":"","format":"standard","meta":{"footnotes":""},"categories":[208],"tags":[1896],"class_list":["post-21568","post","type-post","status-publish","format-standard","has-post-thumbnail","hentry","category-araruama","tag-destaque"],"_links":{"self":[{"href":"https:\/\/blogdodanielgalvao.com.br\/site\/wp-json\/wp\/v2\/posts\/21568","targetHints":{"allow":["GET"]}}],"collection":[{"href":"https:\/\/blogdodanielgalvao.com.br\/site\/wp-json\/wp\/v2\/posts"}],"about":[{"href":"https:\/\/blogdodanielgalvao.com.br\/site\/wp-json\/wp\/v2\/types\/post"}],"author":[{"embeddable":true,"href":"https:\/\/blogdodanielgalvao.com.br\/site\/wp-json\/wp\/v2\/users\/2"}],"replies":[{"embeddable":true,"href":"https:\/\/blogdodanielgalvao.com.br\/site\/wp-json\/wp\/v2\/comments?post=21568"}],"version-history":[{"count":1,"href":"https:\/\/blogdodanielgalvao.com.br\/site\/wp-json\/wp\/v2\/posts\/21568\/revisions"}],"predecessor-version":[{"id":21570,"href":"https:\/\/blogdodanielgalvao.com.br\/site\/wp-json\/wp\/v2\/posts\/21568\/revisions\/21570"}],"wp:featuredmedia":[{"embeddable":true,"href":"https:\/\/blogdodanielgalvao.com.br\/site\/wp-json\/wp\/v2\/media\/21569"}],"wp:attachment":[{"href":"https:\/\/blogdodanielgalvao.com.br\/site\/wp-json\/wp\/v2\/media?parent=21568"}],"wp:term":[{"taxonomy":"category","embeddable":true,"href":"https:\/\/blogdodanielgalvao.com.br\/site\/wp-json\/wp\/v2\/categories?post=21568"},{"taxonomy":"post_tag","embeddable":true,"href":"https:\/\/blogdodanielgalvao.com.br\/site\/wp-json\/wp\/v2\/tags?post=21568"}],"curies":[{"name":"wp","href":"https:\/\/api.w.org\/{rel}","templated":true}]}}