{"id":21563,"date":"2025-07-30T15:14:34","date_gmt":"2025-07-30T18:14:34","guid":{"rendered":"https:\/\/blogdodanielgalvao.com.br\/site\/?p=21563"},"modified":"2025-07-30T15:14:34","modified_gmt":"2025-07-30T18:14:34","slug":"agosto-e-dos-jovens-em-arraial-do-cabo-e-promove-eventos-de-cultura-educacao-e-cidadania","status":"publish","type":"post","link":"https:\/\/blogdodanielgalvao.com.br\/site\/agosto-e-dos-jovens-em-arraial-do-cabo-e-promove-eventos-de-cultura-educacao-e-cidadania\/","title":{"rendered":"Agosto \u00e9 dos jovens em Arraial do Cabo e promove eventos de cultura, educa\u00e7\u00e3o e cidadania"},"content":{"rendered":"<p>A Prefeitura de Arraial do Cabo abre oficialmente, nesta sexta-feira (1\u00ba de agosto), a programa\u00e7\u00e3o do M\u00eas da Juventude. A iniciativa ter\u00e1 uma s\u00e9rie de atividades voltadas ao fortalecimento da participa\u00e7\u00e3o jovem na cultura, na educa\u00e7\u00e3o e nas pol\u00edticas p\u00fablicas. A organiza\u00e7\u00e3o \u00e9 da Superintend\u00eancia da Juventude, vinculada \u00e0 Secretaria de Desenvolvimento Social, Trabalho, Renda e Direitos Humanos.<\/p>\n<p>A cerim\u00f4nia de abertura ser\u00e1 realizada \u00e0s 18h, no Centro Educacional e Cultural Manoel Camargo, com apresenta\u00e7\u00f5es culturais e homenagens. Um dos destaques ser\u00e1 a formatura e entrega de certificados aos Gr\u00eamios Estudantis das escolas Francisco Porto de Aguiar, Frederico Villar e 20 de Julho.<\/p>\n<p>De acordo com Felipe Martins, superintendente da Juventude, o ato \u00e9 mais que simb\u00f3lico: \u201c\u00c9 o reconhecimento do papel dos jovens como agentes transformadores, incentivando o engajamento, a lideran\u00e7a e a responsabilidade social\u201d.<\/p>\n<p>A agenda de agosto inclui eventos ambientais, premia\u00e7\u00f5es, oficinas, mostras art\u00edsticas, competi\u00e7\u00f5es culturais, al\u00e9m da tradicional Feira de Oportunidades. A proposta \u00e9 criar espa\u00e7os de express\u00e3o, aprendizado e conex\u00e3o entre os jovens cabistas e as diversas frentes de atua\u00e7\u00e3o social e profissional.<\/p>\n<p>&nbsp;<\/p>\n<p><strong>Confira os principais destaques da programa\u00e7\u00e3o:\u00a0\u00a0\u00a0\u00a0\u00a0\u00a0 <\/strong><\/p>\n<p>&nbsp;<\/p>\n<p><strong>01\/08 (sexta)<\/strong><\/p>\n<p>Abertura oficial no Centro Educacional e Cultural Manoel Camargo, \u00e0s 18h<\/p>\n<p>* Apresenta\u00e7\u00f5es culturais<\/p>\n<p>* Diploma\u00e7\u00e3o dos Gr\u00eamios Estudantis<\/p>\n<p>&nbsp;<\/p>\n<p><strong>02 e 03\/08 (sexta e s\u00e1bado)<\/strong><\/p>\n<p>Mar-\u00e0-Tona Ambiental, na Praia Grande \u2013 Orla Fl\u00e1via Alessandra<\/p>\n<p>* Oficinas e rodas de conversa<\/p>\n<p>* Intera\u00e7\u00e3o com institui\u00e7\u00f5es t\u00e9cnicas<\/p>\n<p>* Stands de orienta\u00e7\u00e3o educacional e profissional<\/p>\n<p>&nbsp;<\/p>\n<p><strong>12\/08 (segunda)<\/strong><\/p>\n<p>2\u00ba Osca Galo Juventude, \u00e0s 18h, no Centro Educacional Manoel Camargo<\/p>\n<p>* Homenagens a jovens e personalidades atuantes na pauta da juventude<\/p>\n<p>* Tema do ano: \u201cJuventude: o passado, o presente e o futuro de Arraial do Cabo\u201d<\/p>\n<p>&nbsp;<\/p>\n<p><strong>14 e 15\/08 (quinta e sexta)<\/strong><\/p>\n<p>Semana do Estudante \u2013 Virada Educacional e Cultural, na Pra\u00e7a Victorino Carri\u00e7o, das 15h \u00e0s 22h<\/p>\n<p>* Apresenta\u00e7\u00f5es culturais (dan\u00e7a, m\u00fasica, capoeira, poesia, teatro)<\/p>\n<p>* Mostras de arte, exposi\u00e7\u00f5es interativas e atividades escolares<\/p>\n<p>* Batalhas de rima, quiz, desfiles tem\u00e1ticos e cosplay<\/p>\n<p>* Espa\u00e7o de jogos: videogame, ping pong, fliperama e din\u00e2micas<\/p>\n<p>&nbsp;<\/p>\n<p><strong>27\/08 (ter\u00e7a)<\/strong><\/p>\n<p>6\u00aa Feira de Oportunidades da Juventude, na Pra\u00e7a de Monte Alto, das 9h \u00e0s 14h<\/p>\n<p>* Acesso a servi\u00e7os de orienta\u00e7\u00e3o profissional e educacional<\/p>\n<p>* Vagas de est\u00e1gio, cursos, oficinas e oportunidades de primeiro emprego<\/p>\n<p>&nbsp;<\/p>\n<p>Ao longo de agosto, Arraial do Cabo se transforma num palco de escuta e express\u00e3o para sua juventude. Uma chance para os jovens se conectarem, mostrarem seus talentos e tra\u00e7arem caminhos para um futuro com mais acesso, inclus\u00e3o\u00a0e\u00a0protagonismo.<\/p>\n","protected":false},"excerpt":{"rendered":"<p>A Prefeitura de Arraial do Cabo abre oficialmente, nesta sexta-feira (1\u00ba de agosto), a programa\u00e7\u00e3o do M\u00eas da Juventude. A iniciativa ter\u00e1 uma s\u00e9rie de atividades voltadas ao fortalecimento da participa\u00e7\u00e3o jovem na cultura, na educa\u00e7\u00e3o e nas pol\u00edticas p\u00fablicas. A organiza\u00e7\u00e3o \u00e9 da Superintend\u00eancia da Juventude, vinculada \u00e0 Secretaria de Desenvolvimento Social, Trabalho, Renda [&hellip;]<\/p>\n","protected":false},"author":2,"featured_media":21566,"comment_status":"open","ping_status":"open","sticky":true,"template":"","format":"standard","meta":{"footnotes":""},"categories":[838],"tags":[1896],"class_list":["post-21563","post","type-post","status-publish","format-standard","has-post-thumbnail","hentry","category-arraial-do-cabo","tag-destaque"],"_links":{"self":[{"href":"https:\/\/blogdodanielgalvao.com.br\/site\/wp-json\/wp\/v2\/posts\/21563","targetHints":{"allow":["GET"]}}],"collection":[{"href":"https:\/\/blogdodanielgalvao.com.br\/site\/wp-json\/wp\/v2\/posts"}],"about":[{"href":"https:\/\/blogdodanielgalvao.com.br\/site\/wp-json\/wp\/v2\/types\/post"}],"author":[{"embeddable":true,"href":"https:\/\/blogdodanielgalvao.com.br\/site\/wp-json\/wp\/v2\/users\/2"}],"replies":[{"embeddable":true,"href":"https:\/\/blogdodanielgalvao.com.br\/site\/wp-json\/wp\/v2\/comments?post=21563"}],"version-history":[{"count":1,"href":"https:\/\/blogdodanielgalvao.com.br\/site\/wp-json\/wp\/v2\/posts\/21563\/revisions"}],"predecessor-version":[{"id":21567,"href":"https:\/\/blogdodanielgalvao.com.br\/site\/wp-json\/wp\/v2\/posts\/21563\/revisions\/21567"}],"wp:featuredmedia":[{"embeddable":true,"href":"https:\/\/blogdodanielgalvao.com.br\/site\/wp-json\/wp\/v2\/media\/21566"}],"wp:attachment":[{"href":"https:\/\/blogdodanielgalvao.com.br\/site\/wp-json\/wp\/v2\/media?parent=21563"}],"wp:term":[{"taxonomy":"category","embeddable":true,"href":"https:\/\/blogdodanielgalvao.com.br\/site\/wp-json\/wp\/v2\/categories?post=21563"},{"taxonomy":"post_tag","embeddable":true,"href":"https:\/\/blogdodanielgalvao.com.br\/site\/wp-json\/wp\/v2\/tags?post=21563"}],"curies":[{"name":"wp","href":"https:\/\/api.w.org\/{rel}","templated":true}]}}