{"id":21560,"date":"2025-07-30T15:10:46","date_gmt":"2025-07-30T18:10:46","guid":{"rendered":"https:\/\/blogdodanielgalvao.com.br\/site\/?p=21560"},"modified":"2025-07-30T15:10:46","modified_gmt":"2025-07-30T18:10:46","slug":"pesca-suspensa-na-lagoa-de-araruama-ate-31-de-outubro-para-preservacao-ambiental","status":"publish","type":"post","link":"https:\/\/blogdodanielgalvao.com.br\/site\/pesca-suspensa-na-lagoa-de-araruama-ate-31-de-outubro-para-preservacao-ambiental\/","title":{"rendered":"Pesca suspensa na Lagoa de Araruama at\u00e9 31 de outubro para preserva\u00e7\u00e3o ambiental"},"content":{"rendered":"<p>A pesca de peixes na Lagoa de Araruama estar\u00e1 vetada a partir de 1\u00ba de agosto, in\u00edcio do per\u00edodo de defeso, que se estende at\u00e9 o dia 31 de outubro. A suspens\u00e3o se aplica a todas as modalidades de pesca \u2013 artesanal, comercial ou esportiva \u2013 e tem como objetivo preservar o ciclo reprodutivo das esp\u00e9cies nativas, garantindo a manuten\u00e7\u00e3o dos estoques pesqueiros e o equil\u00edbrio ambiental da regi\u00e3o.<\/p>\n<p>Para assegurar o cumprimento da medida, agentes da Guarda Mar\u00edtima e Ambiental e da Secretaria Municipal de Meio Ambiente, Saneamento e Clima de Cabo Frio v\u00e3o refor\u00e7ar a fiscaliza\u00e7\u00e3o em toda a \u00e1rea da laguna. A proibi\u00e7\u00e3o est\u00e1 prevista na Portaria Interministerial MPA\/MMA n\u00ba 362, de 31 de outubro de 2024.<\/p>\n<p>Na primeira semana, as a\u00e7\u00f5es ter\u00e3o foco educativo, com orienta\u00e7\u00e3o direta aos pescadores e moradores da regi\u00e3o. A partir da segunda semana, no entanto, a abordagem ser\u00e1 mais firme, com possibilidade de penalidades legais em caso de descumprimento.<\/p>\n<p>A preserva\u00e7\u00e3o do per\u00edodo reprodutivo das esp\u00e9cies \u00e9 essencial para manter a pesca de maneira sustent\u00e1vel e proteger a biodiversidade da Lagoa de Araruama.<\/p>\n<p>Den\u00fancias sobre pesca irregular podem ser feitas \u00e0 Secretaria de Meio Ambiente, pelo telefone (22) 3199-1313 ou e-mail <a href=\"mailto:meioambiente@cabofrio.rj.gov.br\"><strong>meioambiente@cabofrio.rj.gov.br<\/strong><\/a>. A popula\u00e7\u00e3o tamb\u00e9m pode acionar a Guarda Civil Municipal pelo\u00a0n\u00famero\u00a0153.<\/p>\n","protected":false},"excerpt":{"rendered":"<p>A pesca de peixes na Lagoa de Araruama estar\u00e1 vetada a partir de 1\u00ba de agosto, in\u00edcio do per\u00edodo de defeso, que se estende at\u00e9 o dia 31 de outubro. A suspens\u00e3o se aplica a todas as modalidades de pesca \u2013 artesanal, comercial ou esportiva \u2013 e tem como objetivo preservar o ciclo reprodutivo das [&hellip;]<\/p>\n","protected":false},"author":2,"featured_media":21561,"comment_status":"open","ping_status":"open","sticky":true,"template":"","format":"standard","meta":{"footnotes":""},"categories":[2220],"tags":[1896],"class_list":["post-21560","post","type-post","status-publish","format-standard","has-post-thumbnail","hentry","category-regiao-dos-lagos","tag-destaque"],"_links":{"self":[{"href":"https:\/\/blogdodanielgalvao.com.br\/site\/wp-json\/wp\/v2\/posts\/21560","targetHints":{"allow":["GET"]}}],"collection":[{"href":"https:\/\/blogdodanielgalvao.com.br\/site\/wp-json\/wp\/v2\/posts"}],"about":[{"href":"https:\/\/blogdodanielgalvao.com.br\/site\/wp-json\/wp\/v2\/types\/post"}],"author":[{"embeddable":true,"href":"https:\/\/blogdodanielgalvao.com.br\/site\/wp-json\/wp\/v2\/users\/2"}],"replies":[{"embeddable":true,"href":"https:\/\/blogdodanielgalvao.com.br\/site\/wp-json\/wp\/v2\/comments?post=21560"}],"version-history":[{"count":1,"href":"https:\/\/blogdodanielgalvao.com.br\/site\/wp-json\/wp\/v2\/posts\/21560\/revisions"}],"predecessor-version":[{"id":21562,"href":"https:\/\/blogdodanielgalvao.com.br\/site\/wp-json\/wp\/v2\/posts\/21560\/revisions\/21562"}],"wp:featuredmedia":[{"embeddable":true,"href":"https:\/\/blogdodanielgalvao.com.br\/site\/wp-json\/wp\/v2\/media\/21561"}],"wp:attachment":[{"href":"https:\/\/blogdodanielgalvao.com.br\/site\/wp-json\/wp\/v2\/media?parent=21560"}],"wp:term":[{"taxonomy":"category","embeddable":true,"href":"https:\/\/blogdodanielgalvao.com.br\/site\/wp-json\/wp\/v2\/categories?post=21560"},{"taxonomy":"post_tag","embeddable":true,"href":"https:\/\/blogdodanielgalvao.com.br\/site\/wp-json\/wp\/v2\/tags?post=21560"}],"curies":[{"name":"wp","href":"https:\/\/api.w.org\/{rel}","templated":true}]}}