{"id":21557,"date":"2025-07-30T14:21:03","date_gmt":"2025-07-30T17:21:03","guid":{"rendered":"https:\/\/blogdodanielgalvao.com.br\/site\/?p=21557"},"modified":"2025-07-30T14:21:03","modified_gmt":"2025-07-30T17:21:03","slug":"saude-de-quissama-encerra-mes-de-prevencao-as-hepatites-com-atividades-nas-unidades","status":"publish","type":"post","link":"https:\/\/blogdodanielgalvao.com.br\/site\/saude-de-quissama-encerra-mes-de-prevencao-as-hepatites-com-atividades-nas-unidades\/","title":{"rendered":"Sa\u00fade de Quissam\u00e3 encerra m\u00eas de preven\u00e7\u00e3o \u00e0s hepatites com atividades nas unidades"},"content":{"rendered":"<p>A Prefeitura de Quissam\u00e3, por meio da Secretaria Municipal de Sa\u00fade, encerrou nesta ter\u00e7a-feira (29) a Campanha Julho Amarelo, voltada \u00e0 preven\u00e7\u00e3o e ao controle das hepatites virais. A mobiliza\u00e7\u00e3o, realizada ao longo de todo o m\u00eas, contou com a atua\u00e7\u00e3o da Estrat\u00e9gia de Sa\u00fade da Fam\u00edlia e do Programa de Infec\u00e7\u00f5es Sexualmente Transmiss\u00edveis (ISTs), AIDS e Hepatites.<\/p>\n<p>O encerramento aconteceu no Centro de Especialidades, com a oferta de testes r\u00e1pidos para hepatites B e C e atividades educativas nas salas de espera. Ao longo do m\u00eas, as Unidades de Sa\u00fade da Fam\u00edlia (USFs) promoveram diversas a\u00e7\u00f5es de conscientiza\u00e7\u00e3o, incentivando o diagn\u00f3stico precoce e a ado\u00e7\u00e3o de medidas preventivas.<\/p>\n<p>A campanha refor\u00e7ou a import\u00e2ncia da informa\u00e7\u00e3o e do acesso ao diagn\u00f3stico como ferramentas fundamentais no combate \u00e0s hepatites virais, contribuindo para a sa\u00fade p\u00fablica do munic\u00edpio.<\/p>\n<p>\u201cA campanha Julho Amarelo \u00e9 fundamental para ampliar o acesso \u00e0 informa\u00e7\u00e3o e aos testes r\u00e1pidos, possibilitando o diagn\u00f3stico precoce e o in\u00edcio imediato do tratamento, quando necess\u00e1rio. Nosso objetivo \u00e9 conscientizar a popula\u00e7\u00e3o sobre os riscos das hepatites virais e fortalecer as a\u00e7\u00f5es de preven\u00e7\u00e3o em todas as unidades de sa\u00fade\u201d, ressaltou Nayla Barcelos, coordenadora do Programa ISTs, AIDS e Hepatites.<\/p>\n<p>Os testes r\u00e1pidos para hepatites, HIV e s\u00edfilis s\u00e3o oferecidos rotineiramente nas unidades de sa\u00fade do munic\u00edpio. Em caso de d\u00favidas ou para realizar os exames, a popula\u00e7\u00e3o pode procurar a USF de sua \u00e1rea de refer\u00eancia.<\/p>\n","protected":false},"excerpt":{"rendered":"<p>A Prefeitura de Quissam\u00e3, por meio da Secretaria Municipal de Sa\u00fade, encerrou nesta ter\u00e7a-feira (29) a Campanha Julho Amarelo, voltada \u00e0 preven\u00e7\u00e3o e ao controle das hepatites virais. A mobiliza\u00e7\u00e3o, realizada ao longo de todo o m\u00eas, contou com a atua\u00e7\u00e3o da Estrat\u00e9gia de Sa\u00fade da Fam\u00edlia e do Programa de Infec\u00e7\u00f5es Sexualmente Transmiss\u00edveis (ISTs), [&hellip;]<\/p>\n","protected":false},"author":2,"featured_media":21558,"comment_status":"open","ping_status":"open","sticky":true,"template":"","format":"standard","meta":{"footnotes":""},"categories":[2113],"tags":[2906],"class_list":["post-21557","post","type-post","status-publish","format-standard","has-post-thumbnail","hentry","category-saude","tag-campanha-julho-amarelo"],"_links":{"self":[{"href":"https:\/\/blogdodanielgalvao.com.br\/site\/wp-json\/wp\/v2\/posts\/21557","targetHints":{"allow":["GET"]}}],"collection":[{"href":"https:\/\/blogdodanielgalvao.com.br\/site\/wp-json\/wp\/v2\/posts"}],"about":[{"href":"https:\/\/blogdodanielgalvao.com.br\/site\/wp-json\/wp\/v2\/types\/post"}],"author":[{"embeddable":true,"href":"https:\/\/blogdodanielgalvao.com.br\/site\/wp-json\/wp\/v2\/users\/2"}],"replies":[{"embeddable":true,"href":"https:\/\/blogdodanielgalvao.com.br\/site\/wp-json\/wp\/v2\/comments?post=21557"}],"version-history":[{"count":1,"href":"https:\/\/blogdodanielgalvao.com.br\/site\/wp-json\/wp\/v2\/posts\/21557\/revisions"}],"predecessor-version":[{"id":21559,"href":"https:\/\/blogdodanielgalvao.com.br\/site\/wp-json\/wp\/v2\/posts\/21557\/revisions\/21559"}],"wp:featuredmedia":[{"embeddable":true,"href":"https:\/\/blogdodanielgalvao.com.br\/site\/wp-json\/wp\/v2\/media\/21558"}],"wp:attachment":[{"href":"https:\/\/blogdodanielgalvao.com.br\/site\/wp-json\/wp\/v2\/media?parent=21557"}],"wp:term":[{"taxonomy":"category","embeddable":true,"href":"https:\/\/blogdodanielgalvao.com.br\/site\/wp-json\/wp\/v2\/categories?post=21557"},{"taxonomy":"post_tag","embeddable":true,"href":"https:\/\/blogdodanielgalvao.com.br\/site\/wp-json\/wp\/v2\/tags?post=21557"}],"curies":[{"name":"wp","href":"https:\/\/api.w.org\/{rel}","templated":true}]}}