{"id":21549,"date":"2025-07-30T13:38:19","date_gmt":"2025-07-30T16:38:19","guid":{"rendered":"https:\/\/blogdodanielgalvao.com.br\/site\/?p=21549"},"modified":"2025-07-30T13:38:19","modified_gmt":"2025-07-30T16:38:19","slug":"conferencia-de-cultura-de-rio-das-ostras-tem-prazo-de-inscricoes-ate-amanha-31","status":"publish","type":"post","link":"https:\/\/blogdodanielgalvao.com.br\/site\/conferencia-de-cultura-de-rio-das-ostras-tem-prazo-de-inscricoes-ate-amanha-31\/","title":{"rendered":"Confer\u00eancia de Cultura de Rio das Ostras tem prazo de inscri\u00e7\u00f5es at\u00e9 amanh\u00e3 (31)"},"content":{"rendered":"<p>Termina nessa quinta-feira, 31 de julho, \u00e0s 17h59, o prazo para as inscri\u00e7\u00f5es na 6\u00aa Confer\u00eancia de Cultura de Rio das Ostras, que ser\u00e1 realizada entre os dias 15 e 17 de agosto, no Teatro Municipal Joel Barcellos.<\/p>\n<p>Voltado para profissionais do setor, entre artistas, t\u00e9cnicos, produtores e representantes de diferentes setores culturais, o evento recebe inscri\u00e7\u00f5es online pelo link,<a href=\"http:\/\/www.editais.fundacaoriodasostrasdecultura.rj.gov.br\">http:\/\/www.editais.fundacaoriodasostrasdecultura.rj.gov.br<\/a><\/p>\n<p>De acordo com a prefeitura, a programa\u00e7\u00e3o ser\u00e1 repleta de debates e apresenta\u00e7\u00f5es art\u00edsticas, al\u00e9m da elei\u00e7\u00e3o de novos conselheiros municipais de Cultura, que ter\u00e3o mandatos com dura\u00e7\u00e3o de 2 anos, de agosto de 2025 a agosto de 2027.<\/p>\n<p>O evento ser\u00e1 precedido por uma pr\u00e9-confer\u00eancia, que acontece no pr\u00f3ximo dia 10 de agosto, das 14h \u00e0s 18h, tamb\u00e9m no Teatro Municipal, onde ser\u00e1 votado o Regimento Interno da 6\u00aa Confer\u00eancia, assim como os membros que compor\u00e3o a Mesa Diretora.<\/p>\n<p>A programa\u00e7\u00e3o da 6\u00aa Confer\u00eancia de Cultura de Rio das Ostras ser\u00e1 aberta no pr\u00f3ximo dia 15 de agosto, com apresenta\u00e7\u00f5es de piano, coral e teatro, seguidas de uma mesa de discuss\u00e3o sobre a import\u00e2ncia da participa\u00e7\u00e3o popular na elabora\u00e7\u00e3o do Plano Municipal de Cultura (PMC) e do Plano Setorial.<\/p>\n<p>O evento continua no dia seguinte, 16 de agosto, iniciando com uma apresenta\u00e7\u00e3o teatral, seguida de debates com duas mesas de discuss\u00e3o focadas na Acessibilidade e Cultura e na Cultura Viva, fechando com a apresenta\u00e7\u00e3o de um relat\u00f3rio do Sistema Municipal de Cultura (SMC), e forma\u00e7\u00e3o dos grupos de trabalho para avalia\u00e7\u00e3o dos eixos do PMC, al\u00e9m de uma homenagem ao m\u00fasico Marcos Jabur.<\/p>\n<p>Encerrando a programa\u00e7\u00e3o, no dia 17 de agosto, a abertura fica por conta de uma experi\u00eancia interativa do Grupo Viva Crew em parceria com o Rep\u00fablica Urbana Alternativa (R.U.A.), valorizando a diversidade de estilos.<\/p>\n<p>Na sequ\u00eancia, est\u00e1 prevista a \u00faltima mesa de discuss\u00e3o do evento, com o tema \u201cPapel do Conselheiro\u201d, seguida de relatos dos grupos de trabalho, elei\u00e7\u00e3o dos conselheiros da sociedade civil para o mandato de 2025 a 2027 e a plen\u00e1ria final para homologa\u00e7\u00e3o do Conselho Municipal de Cultura, fechando com uma apresenta\u00e7\u00e3o da banda Orange Sound.<\/p>\n","protected":false},"excerpt":{"rendered":"<p>Termina nessa quinta-feira, 31 de julho, \u00e0s 17h59, o prazo para as inscri\u00e7\u00f5es na 6\u00aa Confer\u00eancia de Cultura de Rio das Ostras, que ser\u00e1 realizada entre os dias 15 e 17 de agosto, no Teatro Municipal Joel Barcellos. Voltado para profissionais do setor, entre artistas, t\u00e9cnicos, produtores e representantes de diferentes setores culturais, o evento [&hellip;]<\/p>\n","protected":false},"author":2,"featured_media":21550,"comment_status":"open","ping_status":"open","sticky":true,"template":"","format":"standard","meta":{"footnotes":""},"categories":[2331],"tags":[2905],"class_list":["post-21549","post","type-post","status-publish","format-standard","has-post-thumbnail","hentry","category-cultura","tag-conferencia-de-cultura-de-rio-das-ostras"],"_links":{"self":[{"href":"https:\/\/blogdodanielgalvao.com.br\/site\/wp-json\/wp\/v2\/posts\/21549","targetHints":{"allow":["GET"]}}],"collection":[{"href":"https:\/\/blogdodanielgalvao.com.br\/site\/wp-json\/wp\/v2\/posts"}],"about":[{"href":"https:\/\/blogdodanielgalvao.com.br\/site\/wp-json\/wp\/v2\/types\/post"}],"author":[{"embeddable":true,"href":"https:\/\/blogdodanielgalvao.com.br\/site\/wp-json\/wp\/v2\/users\/2"}],"replies":[{"embeddable":true,"href":"https:\/\/blogdodanielgalvao.com.br\/site\/wp-json\/wp\/v2\/comments?post=21549"}],"version-history":[{"count":1,"href":"https:\/\/blogdodanielgalvao.com.br\/site\/wp-json\/wp\/v2\/posts\/21549\/revisions"}],"predecessor-version":[{"id":21551,"href":"https:\/\/blogdodanielgalvao.com.br\/site\/wp-json\/wp\/v2\/posts\/21549\/revisions\/21551"}],"wp:featuredmedia":[{"embeddable":true,"href":"https:\/\/blogdodanielgalvao.com.br\/site\/wp-json\/wp\/v2\/media\/21550"}],"wp:attachment":[{"href":"https:\/\/blogdodanielgalvao.com.br\/site\/wp-json\/wp\/v2\/media?parent=21549"}],"wp:term":[{"taxonomy":"category","embeddable":true,"href":"https:\/\/blogdodanielgalvao.com.br\/site\/wp-json\/wp\/v2\/categories?post=21549"},{"taxonomy":"post_tag","embeddable":true,"href":"https:\/\/blogdodanielgalvao.com.br\/site\/wp-json\/wp\/v2\/tags?post=21549"}],"curies":[{"name":"wp","href":"https:\/\/api.w.org\/{rel}","templated":true}]}}