{"id":21535,"date":"2025-07-29T16:47:01","date_gmt":"2025-07-29T19:47:01","guid":{"rendered":"https:\/\/blogdodanielgalvao.com.br\/site\/?p=21535"},"modified":"2025-07-29T16:48:53","modified_gmt":"2025-07-29T19:48:53","slug":"acusado-de-esfaquear-mulher-e-capturado-em-rio-das-ostras","status":"publish","type":"post","link":"https:\/\/blogdodanielgalvao.com.br\/site\/acusado-de-esfaquear-mulher-e-capturado-em-rio-das-ostras\/","title":{"rendered":"Acusado de esfaquear mulher \u00e9 capturado em Rio das Ostras"},"content":{"rendered":"<p>Um homem foi preso nesta ter\u00e7a-feira (29) em Rio das Ostras acusado de esfaquear uma mulher. O caso aconteceu no bairro Cidade Beira-Mar. De acordo com a ocorr\u00eancia, o acusado teria desferido um golpe de faca na regi\u00e3o entre o rosto e o pesco\u00e7o da v\u00edtima.<\/p>\n<p>A pol\u00edcia foi acionada e foi at\u00e9 o local, onde foi informada pelos filhos da v\u00edtima que o agressor teria afirmado que se entregaria na delegacia. A mulher agredida recebeu atendimento m\u00e9dico e est\u00e1 sob observa\u00e7\u00e3o.<\/p>\n<p>A pol\u00edcia ent\u00e3o deu in\u00edcio \u00e0s buscas pelo agressor e foi informada que ele havia sido reconhecido por outra guarni\u00e7\u00e3o do 32\u00ba BPM em uma barraca de churrasquinho. Na sequ\u00eancia, o homem foi conduzido para a 128\u00aa DP de Rio das Ostras para aprecia\u00e7\u00e3o policial. Ap\u00f3s isso, ele permaneceu preso e agora fica a disposi\u00e7\u00e3o da Justi\u00e7a.<\/p>\n","protected":false},"excerpt":{"rendered":"<p>Um homem foi preso nesta ter\u00e7a-feira (29) em Rio das Ostras acusado de esfaquear uma mulher. O caso aconteceu no bairro Cidade Beira-Mar. De acordo com a ocorr\u00eancia, o acusado teria desferido um golpe de faca na regi\u00e3o entre o rosto e o pesco\u00e7o da v\u00edtima. A pol\u00edcia foi acionada e foi at\u00e9 o local, [&hellip;]<\/p>\n","protected":false},"author":2,"featured_media":21536,"comment_status":"open","ping_status":"open","sticky":true,"template":"","format":"standard","meta":{"footnotes":""},"categories":[4],"tags":[494],"class_list":["post-21535","post","type-post","status-publish","format-standard","has-post-thumbnail","hentry","category-rio-das-ostras","tag-policia"],"_links":{"self":[{"href":"https:\/\/blogdodanielgalvao.com.br\/site\/wp-json\/wp\/v2\/posts\/21535","targetHints":{"allow":["GET"]}}],"collection":[{"href":"https:\/\/blogdodanielgalvao.com.br\/site\/wp-json\/wp\/v2\/posts"}],"about":[{"href":"https:\/\/blogdodanielgalvao.com.br\/site\/wp-json\/wp\/v2\/types\/post"}],"author":[{"embeddable":true,"href":"https:\/\/blogdodanielgalvao.com.br\/site\/wp-json\/wp\/v2\/users\/2"}],"replies":[{"embeddable":true,"href":"https:\/\/blogdodanielgalvao.com.br\/site\/wp-json\/wp\/v2\/comments?post=21535"}],"version-history":[{"count":1,"href":"https:\/\/blogdodanielgalvao.com.br\/site\/wp-json\/wp\/v2\/posts\/21535\/revisions"}],"predecessor-version":[{"id":21537,"href":"https:\/\/blogdodanielgalvao.com.br\/site\/wp-json\/wp\/v2\/posts\/21535\/revisions\/21537"}],"wp:featuredmedia":[{"embeddable":true,"href":"https:\/\/blogdodanielgalvao.com.br\/site\/wp-json\/wp\/v2\/media\/21536"}],"wp:attachment":[{"href":"https:\/\/blogdodanielgalvao.com.br\/site\/wp-json\/wp\/v2\/media?parent=21535"}],"wp:term":[{"taxonomy":"category","embeddable":true,"href":"https:\/\/blogdodanielgalvao.com.br\/site\/wp-json\/wp\/v2\/categories?post=21535"},{"taxonomy":"post_tag","embeddable":true,"href":"https:\/\/blogdodanielgalvao.com.br\/site\/wp-json\/wp\/v2\/tags?post=21535"}],"curies":[{"name":"wp","href":"https:\/\/api.w.org\/{rel}","templated":true}]}}