{"id":21529,"date":"2025-07-29T15:52:08","date_gmt":"2025-07-29T18:52:08","guid":{"rendered":"https:\/\/blogdodanielgalvao.com.br\/site\/?p=21529"},"modified":"2025-07-29T15:52:08","modified_gmt":"2025-07-29T18:52:08","slug":"pais-de-menina-cabo-friense-que-morreu-em-explosao-ainda-lutam-pela-vida","status":"publish","type":"post","link":"https:\/\/blogdodanielgalvao.com.br\/site\/pais-de-menina-cabo-friense-que-morreu-em-explosao-ainda-lutam-pela-vida\/","title":{"rendered":"Pais de menina cabo-friense que morreu em explos\u00e3o ainda lutam pela vida"},"content":{"rendered":"<p>Uma tentativa de improvisar um fogareiro com \u00e1lcool para cozinhar terminou em trag\u00e9dia no bairro Jardim Esperan\u00e7a, em Cabo Frio. O incidente ocorreu no dia 21 de julho, quando os pais de uma menina de apenas 1 ano e meio, sem g\u00e1s de cozinha dispon\u00edvel, utilizaram o combust\u00edvel inflam\u00e1vel para preparar uma refei\u00e7\u00e3o. O fogo descontrolado atingiu os tr\u00eas membros da fam\u00edlia.<\/p>\n<p>Lorena Gomes dos Santos, a crian\u00e7a, teve 90% do corpo queimado e chegou a ser socorrida de helic\u00f3ptero pela equipe da Superintend\u00eancia de Opera\u00e7\u00f5es A\u00e9reas (SOAer), vinculada \u00e0 Secretaria de Estado de Sa\u00fade do Rio de Janeiro. Ela foi levada ao Hospital Estadual Alberto Torres (HEAT), em S\u00e3o Gon\u00e7alo, unidade refer\u00eancia no tratamento de queimaduras e traumas graves. Dois dias ap\u00f3s o acidente, por\u00e9m, a menina n\u00e3o resistiu aos ferimentos. O sepultamento ocorreu no dia 23, no cemit\u00e9rio do pr\u00f3prio bairro.<\/p>\n<p>Os pais da crian\u00e7a permanecem internados no Hospital Estadual Roberto Chabo (HERC), em Araruama. De acordo com boletim atualizado nesta ter\u00e7a-feira (29), Raissa, m\u00e3e da v\u00edtima, apresentou evolu\u00e7\u00e3o significativa e deixou a Unidade de Terapia Intensiva (UTI), sendo transferida para um quarto, onde segue recebendo cuidados m\u00e9dicos e passa por processo de recupera\u00e7\u00e3o.<\/p>\n<p>J\u00e1 Pablo, pai de Lorena, ainda se encontra em estado mais delicado. Ele permanece internado na UTI da mesma unidade, com aproximadamente 80% do corpo comprometido por queimaduras. Segundo a equipe m\u00e9dica, apesar da gravidade, o paciente tem mostrado avan\u00e7os no quadro cl\u00ednico e segue sob aten\u00e7\u00e3o redobrada.<\/p>\n<p>A trag\u00e9dia reacende o alerta sobre os riscos do uso de materiais inflam\u00e1veis em resid\u00eancias, especialmente diante da escassez de recursos e da falta de alternativas seguras para a popula\u00e7\u00e3o\u00a0de\u00a0baixa\u00a0renda.<\/p>\n","protected":false},"excerpt":{"rendered":"<p>Uma tentativa de improvisar um fogareiro com \u00e1lcool para cozinhar terminou em trag\u00e9dia no bairro Jardim Esperan\u00e7a, em Cabo Frio. O incidente ocorreu no dia 21 de julho, quando os pais de uma menina de apenas 1 ano e meio, sem g\u00e1s de cozinha dispon\u00edvel, utilizaram o combust\u00edvel inflam\u00e1vel para preparar uma refei\u00e7\u00e3o. O fogo [&hellip;]<\/p>\n","protected":false},"author":2,"featured_media":21530,"comment_status":"open","ping_status":"open","sticky":true,"template":"","format":"standard","meta":{"footnotes":""},"categories":[340],"tags":[1896],"class_list":["post-21529","post","type-post","status-publish","format-standard","has-post-thumbnail","hentry","category-cabo-frio","tag-destaque"],"_links":{"self":[{"href":"https:\/\/blogdodanielgalvao.com.br\/site\/wp-json\/wp\/v2\/posts\/21529","targetHints":{"allow":["GET"]}}],"collection":[{"href":"https:\/\/blogdodanielgalvao.com.br\/site\/wp-json\/wp\/v2\/posts"}],"about":[{"href":"https:\/\/blogdodanielgalvao.com.br\/site\/wp-json\/wp\/v2\/types\/post"}],"author":[{"embeddable":true,"href":"https:\/\/blogdodanielgalvao.com.br\/site\/wp-json\/wp\/v2\/users\/2"}],"replies":[{"embeddable":true,"href":"https:\/\/blogdodanielgalvao.com.br\/site\/wp-json\/wp\/v2\/comments?post=21529"}],"version-history":[{"count":1,"href":"https:\/\/blogdodanielgalvao.com.br\/site\/wp-json\/wp\/v2\/posts\/21529\/revisions"}],"predecessor-version":[{"id":21531,"href":"https:\/\/blogdodanielgalvao.com.br\/site\/wp-json\/wp\/v2\/posts\/21529\/revisions\/21531"}],"wp:featuredmedia":[{"embeddable":true,"href":"https:\/\/blogdodanielgalvao.com.br\/site\/wp-json\/wp\/v2\/media\/21530"}],"wp:attachment":[{"href":"https:\/\/blogdodanielgalvao.com.br\/site\/wp-json\/wp\/v2\/media?parent=21529"}],"wp:term":[{"taxonomy":"category","embeddable":true,"href":"https:\/\/blogdodanielgalvao.com.br\/site\/wp-json\/wp\/v2\/categories?post=21529"},{"taxonomy":"post_tag","embeddable":true,"href":"https:\/\/blogdodanielgalvao.com.br\/site\/wp-json\/wp\/v2\/tags?post=21529"}],"curies":[{"name":"wp","href":"https:\/\/api.w.org\/{rel}","templated":true}]}}