{"id":21520,"date":"2025-07-29T15:04:14","date_gmt":"2025-07-29T18:04:14","guid":{"rendered":"https:\/\/blogdodanielgalvao.com.br\/site\/?p=21520"},"modified":"2025-07-29T15:04:14","modified_gmt":"2025-07-29T18:04:14","slug":"cabo-frio-vira-o-centro-do-esporte-e-lazer-com-o-aloha-triangulo-de-fogo","status":"publish","type":"post","link":"https:\/\/blogdodanielgalvao.com.br\/site\/cabo-frio-vira-o-centro-do-esporte-e-lazer-com-o-aloha-triangulo-de-fogo\/","title":{"rendered":"Cabo Frio vira o centro do esporte e lazer com o Aloha Tri\u00e2ngulo de Fogo"},"content":{"rendered":"<p>Cabo Frio recebe, entre os dias 1\u00ba e 3 de agosto, mais uma edi\u00e7\u00e3o do evento esportivo Aloha Tri\u00e2ngulo de Fogo, que promete agitar a cidade com disputas de canoa havaiana e uma programa\u00e7\u00e3o voltada para toda a fam\u00edlia. A Lagoa das Palmeiras ser\u00e1 o cen\u00e1rio da competi\u00e7\u00e3o, que re\u00fane atletas de diferentes idades e regi\u00f5es do Brasil, promovendo o esporte e evidenciando a natureza exuberante do munic\u00edpio.<\/p>\n<p>A programa\u00e7\u00e3o come\u00e7a na sexta-feira (1\u00ba), com treinos livres e o congresso t\u00e9cnico. No s\u00e1bado (2), o evento segue com as eliminat\u00f3rias nas categorias Mista Open, Mista 40+ e Mista 50+. J\u00e1 no domingo (3), o destaque fica por conta do Desafio 17K OC6 Mista, uma das provas mais esperadas e que promete emo\u00e7\u00e3o do in\u00edcio ao fim.<\/p>\n<p>O evento tamb\u00e9m ter\u00e1 espa\u00e7o para atividades culturais. No s\u00e1bado \u00e0 tarde, a partir das 16h, ser\u00e1 exibido o filme Moana 2 no \u201cCinema Aloha\u201d, refor\u00e7ando o clima havaiano e proporcionando lazer para crian\u00e7as e adultos.<\/p>\n<p>&nbsp;<\/p>\n<p><strong>Programa\u00e7\u00e3o detalhada:\u00a0\u00a0\u00a0\u00a0 <\/strong><\/p>\n<p>&nbsp;<\/p>\n<p><strong>Sexta-feira \u2013 01\/08<\/strong><\/p>\n<p><strong>14h:<\/strong> Abertura da raia para treino<\/p>\n<p><strong>17h:<\/strong> Encerramento das atividades na \u00e1gua<\/p>\n<p><strong>18h:<\/strong> Congresso t\u00e9cnico na arena<\/p>\n<p>&nbsp;<\/p>\n<p><strong>S\u00e1bado \u2013 02\/08 | Eliminat\u00f3rias<\/strong><\/p>\n<p><strong>6h \u00e0s 8h55:<\/strong> Provas da categoria Mista Open<\/p>\n<p><strong>9h \u00e0s 11h55:<\/strong> Disputas da Mista 40+<\/p>\n<p><strong>12h \u00e0s 14h55:<\/strong> Baterias da Mista 50+<\/p>\n<p><strong>15h \u00e0s 16h:<\/strong> Distribui\u00e7\u00e3o dos numerais para o Desafio 17K<\/p>\n<p><strong>16h:<\/strong> Sess\u00e3o de cinema ao ar livre com Moana 2<\/p>\n<p>&nbsp;<\/p>\n<p><strong>Domingo \u2013 03\/08 | Finais<\/strong><\/p>\n<p><strong>5h:<\/strong> Abertura da arena<\/p>\n<p><strong>8h:<\/strong> Largada oficial do Desafio 17K OC6 Mista<\/p>\n<p><strong>11h<\/strong> \u00e0s 11h40: Disputas de 3\u00ba e 4\u00ba lugares<\/p>\n<p><strong>12h<\/strong> \u00e0s 12h50: Finais das provas<\/p>\n<p><strong>13h:<\/strong> Cerim\u00f4nia de premia\u00e7\u00e3o<\/p>\n<p>&nbsp;<\/p>\n<p>Um fim de semana que promete unir esporte, cultura e lazer, consolidando Cabo Frio como destino de eventos n\u00e1uticos e experi\u00eancias\u00a0ao\u00a0ar\u00a0livre.<\/p>\n","protected":false},"excerpt":{"rendered":"<p>Cabo Frio recebe, entre os dias 1\u00ba e 3 de agosto, mais uma edi\u00e7\u00e3o do evento esportivo Aloha Tri\u00e2ngulo de Fogo, que promete agitar a cidade com disputas de canoa havaiana e uma programa\u00e7\u00e3o voltada para toda a fam\u00edlia. A Lagoa das Palmeiras ser\u00e1 o cen\u00e1rio da competi\u00e7\u00e3o, que re\u00fane atletas de diferentes idades e [&hellip;]<\/p>\n","protected":false},"author":2,"featured_media":21521,"comment_status":"open","ping_status":"open","sticky":true,"template":"","format":"standard","meta":{"footnotes":""},"categories":[340],"tags":[1896],"class_list":["post-21520","post","type-post","status-publish","format-standard","has-post-thumbnail","hentry","category-cabo-frio","tag-destaque"],"_links":{"self":[{"href":"https:\/\/blogdodanielgalvao.com.br\/site\/wp-json\/wp\/v2\/posts\/21520","targetHints":{"allow":["GET"]}}],"collection":[{"href":"https:\/\/blogdodanielgalvao.com.br\/site\/wp-json\/wp\/v2\/posts"}],"about":[{"href":"https:\/\/blogdodanielgalvao.com.br\/site\/wp-json\/wp\/v2\/types\/post"}],"author":[{"embeddable":true,"href":"https:\/\/blogdodanielgalvao.com.br\/site\/wp-json\/wp\/v2\/users\/2"}],"replies":[{"embeddable":true,"href":"https:\/\/blogdodanielgalvao.com.br\/site\/wp-json\/wp\/v2\/comments?post=21520"}],"version-history":[{"count":1,"href":"https:\/\/blogdodanielgalvao.com.br\/site\/wp-json\/wp\/v2\/posts\/21520\/revisions"}],"predecessor-version":[{"id":21522,"href":"https:\/\/blogdodanielgalvao.com.br\/site\/wp-json\/wp\/v2\/posts\/21520\/revisions\/21522"}],"wp:featuredmedia":[{"embeddable":true,"href":"https:\/\/blogdodanielgalvao.com.br\/site\/wp-json\/wp\/v2\/media\/21521"}],"wp:attachment":[{"href":"https:\/\/blogdodanielgalvao.com.br\/site\/wp-json\/wp\/v2\/media?parent=21520"}],"wp:term":[{"taxonomy":"category","embeddable":true,"href":"https:\/\/blogdodanielgalvao.com.br\/site\/wp-json\/wp\/v2\/categories?post=21520"},{"taxonomy":"post_tag","embeddable":true,"href":"https:\/\/blogdodanielgalvao.com.br\/site\/wp-json\/wp\/v2\/tags?post=21520"}],"curies":[{"name":"wp","href":"https:\/\/api.w.org\/{rel}","templated":true}]}}