{"id":21517,"date":"2025-07-29T14:59:33","date_gmt":"2025-07-29T17:59:33","guid":{"rendered":"https:\/\/blogdodanielgalvao.com.br\/site\/?p=21517"},"modified":"2025-07-29T14:59:33","modified_gmt":"2025-07-29T17:59:33","slug":"arraial-do-cabo-reverencia-seu-poeta-simbolo-com-ecos-que-chegam-a-sao-pedro-e-cabo-frio","status":"publish","type":"post","link":"https:\/\/blogdodanielgalvao.com.br\/site\/arraial-do-cabo-reverencia-seu-poeta-simbolo-com-ecos-que-chegam-a-sao-pedro-e-cabo-frio\/","title":{"rendered":"Arraial do Cabo reverencia seu poeta s\u00edmbolo, com ecos que chegam a S\u00e3o Pedro e Cabo Frio"},"content":{"rendered":"<p>Hoje, 29 de julho, Arraial do Cabo comemora o Dia Municipal da Poesia, uma data dedicada a homenagear o poeta Victorino Carri\u00e7o.<\/p>\n<p>Nascido em 1912, Victorino escolheu Arraial como seu lar e tornou-se um verdadeiro emblema da cultura local, eternizando sua arte em versos, hinos e gestos de grande delicadeza.<\/p>\n<p>Origin\u00e1rio do Baixo Grande, \u00e0s margens da ponte que mais tarde levaria seu nome, radicado em Arraial do Cabo, ele transformou a lagoa em mar com sua paix\u00e3o pelo lugar. Caminhou por dunas de areia branca e fina, celebrou as estrelas e o brilho do luar sobre a restinga.<\/p>\n<p>Reconhecido e celebrado at\u00e9 hoje por suas palavras, Victorino nasceu artista e faleceu como santo. Mereceu o apelido de inf\u00e2ncia \u201cSantinho\u201d por sua serenidade e pela paz que carregava no cora\u00e7\u00e3o, um sentimento que transcendia o entendimento. Sua simplicidade refletia verdadeira humanidade, distribuindo balas e sorrisos a partir da janela de sua casa.<\/p>\n<p>N\u00e3o importava a idade, adultos ou crian\u00e7as, ningu\u00e9m passava despercebido ao olhar atento do poeta, que lan\u00e7ava seus versos ao vento, tecendo elogios desde os passarinhos at\u00e9 as flores que floresciam pelo caminho.<\/p>\n<p>Ele exaltava os gestos simples, enxergava o extraordin\u00e1rio no cotidiano. Cantou e eternizou a pesca, as vastas salinas e as rendeiras com seus encantos singulares.<\/p>\n<p>Al\u00e9m de poeta, Victorino foi pol\u00edtico, banc\u00e1rio e delegado de pol\u00edcia, mas sempre com gra\u00e7a e poesia \u2014 porque essa era a verdadeira chama da sua exist\u00eancia.<\/p>\n<p>Sua obra ultrapassou fronteiras, rompendo limites de tempo e espa\u00e7o.<\/p>\n<p>Deixou um legado de rimas, m\u00e9trica e muito afeto para Arraial do Cabo, S\u00e3o Pedro da Aldeia, Cabo Frio e toda a Regi\u00e3o dos Lagos.<\/p>\n<p>Obrigado por tudo, Victorino\u00a0Carri\u00e7o.<\/p>\n","protected":false},"excerpt":{"rendered":"<p>Hoje, 29 de julho, Arraial do Cabo comemora o Dia Municipal da Poesia, uma data dedicada a homenagear o poeta Victorino Carri\u00e7o. Nascido em 1912, Victorino escolheu Arraial como seu lar e tornou-se um verdadeiro emblema da cultura local, eternizando sua arte em versos, hinos e gestos de grande delicadeza. Origin\u00e1rio do Baixo Grande, \u00e0s [&hellip;]<\/p>\n","protected":false},"author":2,"featured_media":21518,"comment_status":"open","ping_status":"open","sticky":true,"template":"","format":"standard","meta":{"footnotes":""},"categories":[838],"tags":[1896],"class_list":["post-21517","post","type-post","status-publish","format-standard","has-post-thumbnail","hentry","category-arraial-do-cabo","tag-destaque"],"_links":{"self":[{"href":"https:\/\/blogdodanielgalvao.com.br\/site\/wp-json\/wp\/v2\/posts\/21517","targetHints":{"allow":["GET"]}}],"collection":[{"href":"https:\/\/blogdodanielgalvao.com.br\/site\/wp-json\/wp\/v2\/posts"}],"about":[{"href":"https:\/\/blogdodanielgalvao.com.br\/site\/wp-json\/wp\/v2\/types\/post"}],"author":[{"embeddable":true,"href":"https:\/\/blogdodanielgalvao.com.br\/site\/wp-json\/wp\/v2\/users\/2"}],"replies":[{"embeddable":true,"href":"https:\/\/blogdodanielgalvao.com.br\/site\/wp-json\/wp\/v2\/comments?post=21517"}],"version-history":[{"count":1,"href":"https:\/\/blogdodanielgalvao.com.br\/site\/wp-json\/wp\/v2\/posts\/21517\/revisions"}],"predecessor-version":[{"id":21519,"href":"https:\/\/blogdodanielgalvao.com.br\/site\/wp-json\/wp\/v2\/posts\/21517\/revisions\/21519"}],"wp:featuredmedia":[{"embeddable":true,"href":"https:\/\/blogdodanielgalvao.com.br\/site\/wp-json\/wp\/v2\/media\/21518"}],"wp:attachment":[{"href":"https:\/\/blogdodanielgalvao.com.br\/site\/wp-json\/wp\/v2\/media?parent=21517"}],"wp:term":[{"taxonomy":"category","embeddable":true,"href":"https:\/\/blogdodanielgalvao.com.br\/site\/wp-json\/wp\/v2\/categories?post=21517"},{"taxonomy":"post_tag","embeddable":true,"href":"https:\/\/blogdodanielgalvao.com.br\/site\/wp-json\/wp\/v2\/tags?post=21517"}],"curies":[{"name":"wp","href":"https:\/\/api.w.org\/{rel}","templated":true}]}}