{"id":21514,"date":"2025-07-29T14:53:35","date_gmt":"2025-07-29T17:53:35","guid":{"rendered":"https:\/\/blogdodanielgalvao.com.br\/site\/?p=21514"},"modified":"2025-07-29T14:53:35","modified_gmt":"2025-07-29T17:53:35","slug":"cabo-frio-mobiliza-recursos-para-conter-eutrofizacao-e-invasao-de-plantas-na-lagoa-do-meio","status":"publish","type":"post","link":"https:\/\/blogdodanielgalvao.com.br\/site\/cabo-frio-mobiliza-recursos-para-conter-eutrofizacao-e-invasao-de-plantas-na-lagoa-do-meio\/","title":{"rendered":"Cabo Frio mobiliza recursos para conter eutrofiza\u00e7\u00e3o e invas\u00e3o de plantas na Lagoa do Meio"},"content":{"rendered":"<p>A Prefeitura de Cabo Frio, por meio da Secretaria de Meio Ambiente, Saneamento e Clima, realizou nesta segunda-feira (28) uma inspe\u00e7\u00e3o t\u00e9cnica na Lagoa do Meio, localizada no bairro Foguete. A a\u00e7\u00e3o contou com o suporte da Associa\u00e7\u00e3o de Moradores, que apoia a iniciativa de implantar o selo Bandeira Azul na praia da regi\u00e3o.<\/p>\n<p>Durante a vistoria, a equipe constatou um quadro de eutrofiza\u00e7\u00e3o no corpo d\u2019\u00e1gua, intensificado pela presen\u00e7a de esp\u00e9cies vegetais invasoras e pelo crescimento descontrolado de plantas nativas, como a taboa, que comprometem a qualidade da \u00e1gua e o equil\u00edbrio ambiental do local.<\/p>\n<p>O secret\u00e1rio de Meio Ambiente, Saneamento e Clima, Jailton Nogueira, informou que ser\u00e1 instaurada uma investiga\u00e7\u00e3o junto \u00e0 Secretaria de Obras para apurar poss\u00edveis despejos ilegais de esgoto nas proximidades da lagoa. Ele ressaltou que a prefeitura j\u00e1 est\u00e1 formulando um plano emergencial para conter a situa\u00e7\u00e3o.<\/p>\n<p>\u201cTrata-se de uma \u00e1rea vulner\u00e1vel, que sofre com a press\u00e3o da urbaniza\u00e7\u00e3o e a\u00e7\u00f5es incorretas. Nosso foco \u00e9 restaurar a sa\u00fade ambiental da lagoa por meio da limpeza, elimina\u00e7\u00e3o das esp\u00e9cies invasoras e iniciativas educativas direcionadas \u00e0 comunidade. Vamos agir de maneira integrada, em parceria com \u00f3rg\u00e3os p\u00fablicos e moradores\u201d, afirmou o secret\u00e1rio.<\/p>\n<p>A opera\u00e7\u00e3o ter\u00e1 o apoio da Comsercaf para remo\u00e7\u00e3o da vegeta\u00e7\u00e3o ex\u00f3tica e dos res\u00edduos acumulados, al\u00e9m do suporte do programa estadual LimpaRio, respons\u00e1vel pela desobstru\u00e7\u00e3o do canal h\u00eddrico. Tamb\u00e9m ser\u00e3o instaladas placas informativas no local, orientando sobre o descarte adequado de lixo e proibindo pr\u00e1ticas prejudiciais, como o banho de cavalo na lagoa \u2014 uma reivindica\u00e7\u00e3o dos residentes.<\/p>\n<p>A Lagoa do Meio \u00e9 um corpo h\u00eddrico isolado, sem conex\u00e3o direta com o mar, e sua recupera\u00e7\u00e3o depende da colabora\u00e7\u00e3o entre o poder p\u00fablico e a popula\u00e7\u00e3o local. A proposta \u00e9 revitalizar esse espa\u00e7o, estimular o senso de pertencimento da comunidade e fortalecer a preserva\u00e7\u00e3o\u00a0do\u00a0ecossistema.<\/p>\n","protected":false},"excerpt":{"rendered":"<p>A Prefeitura de Cabo Frio, por meio da Secretaria de Meio Ambiente, Saneamento e Clima, realizou nesta segunda-feira (28) uma inspe\u00e7\u00e3o t\u00e9cnica na Lagoa do Meio, localizada no bairro Foguete. A a\u00e7\u00e3o contou com o suporte da Associa\u00e7\u00e3o de Moradores, que apoia a iniciativa de implantar o selo Bandeira Azul na praia da regi\u00e3o. Durante [&hellip;]<\/p>\n","protected":false},"author":2,"featured_media":21515,"comment_status":"open","ping_status":"open","sticky":true,"template":"","format":"standard","meta":{"footnotes":""},"categories":[340],"tags":[1896],"class_list":["post-21514","post","type-post","status-publish","format-standard","has-post-thumbnail","hentry","category-cabo-frio","tag-destaque"],"_links":{"self":[{"href":"https:\/\/blogdodanielgalvao.com.br\/site\/wp-json\/wp\/v2\/posts\/21514","targetHints":{"allow":["GET"]}}],"collection":[{"href":"https:\/\/blogdodanielgalvao.com.br\/site\/wp-json\/wp\/v2\/posts"}],"about":[{"href":"https:\/\/blogdodanielgalvao.com.br\/site\/wp-json\/wp\/v2\/types\/post"}],"author":[{"embeddable":true,"href":"https:\/\/blogdodanielgalvao.com.br\/site\/wp-json\/wp\/v2\/users\/2"}],"replies":[{"embeddable":true,"href":"https:\/\/blogdodanielgalvao.com.br\/site\/wp-json\/wp\/v2\/comments?post=21514"}],"version-history":[{"count":1,"href":"https:\/\/blogdodanielgalvao.com.br\/site\/wp-json\/wp\/v2\/posts\/21514\/revisions"}],"predecessor-version":[{"id":21516,"href":"https:\/\/blogdodanielgalvao.com.br\/site\/wp-json\/wp\/v2\/posts\/21514\/revisions\/21516"}],"wp:featuredmedia":[{"embeddable":true,"href":"https:\/\/blogdodanielgalvao.com.br\/site\/wp-json\/wp\/v2\/media\/21515"}],"wp:attachment":[{"href":"https:\/\/blogdodanielgalvao.com.br\/site\/wp-json\/wp\/v2\/media?parent=21514"}],"wp:term":[{"taxonomy":"category","embeddable":true,"href":"https:\/\/blogdodanielgalvao.com.br\/site\/wp-json\/wp\/v2\/categories?post=21514"},{"taxonomy":"post_tag","embeddable":true,"href":"https:\/\/blogdodanielgalvao.com.br\/site\/wp-json\/wp\/v2\/tags?post=21514"}],"curies":[{"name":"wp","href":"https:\/\/api.w.org\/{rel}","templated":true}]}}