{"id":21511,"date":"2025-07-29T14:48:29","date_gmt":"2025-07-29T17:48:29","guid":{"rendered":"https:\/\/blogdodanielgalvao.com.br\/site\/?p=21511"},"modified":"2025-07-29T14:48:29","modified_gmt":"2025-07-29T17:48:29","slug":"meio-ambiente-em-arraial-promove-fim-de-semana-com-atividades-ecologicas","status":"publish","type":"post","link":"https:\/\/blogdodanielgalvao.com.br\/site\/meio-ambiente-em-arraial-promove-fim-de-semana-com-atividades-ecologicas\/","title":{"rendered":"Meio ambiente em Arraial promove fim de semana com atividades ecol\u00f3gicas"},"content":{"rendered":"<p>Nos dias 2 e 3 de agosto, a Orla Fl\u00e1via Alessandra, na Praia Grande, ser\u00e1 palco do \u201cMar-\u00c0-Tona Ambiental\u201d, projeto promovido pela FUNTEC Ambiental \u2014 a Funda\u00e7\u00e3o Municipal de Meio Ambiente, Pesca, Pesquisa, Ci\u00eancia, Tecnologia, Esporte e Lazer de Arraial do Cabo. A a\u00e7\u00e3o conta com o apoio do ICMBio e parceria da Superintend\u00eancia da Juventude local.<\/p>\n<p>A programa\u00e7\u00e3o vai das 8h30 \u00e0s 17h e contempla atividades esportivas, oficinas e a\u00e7\u00f5es educativas. Est\u00e3o previstas atra\u00e7\u00f5es como a tradicional puxada de rede, oficina de arremesso de tarrafa, caminhada guiada at\u00e9 o Mirante do Vigia, mutir\u00e3o de limpeza, pintura com grafite ao vivo e at\u00e9 um concurso de fotografia.<\/p>\n<p>O evento prop\u00f5e uma integra\u00e7\u00e3o entre lazer, valoriza\u00e7\u00e3o cultural e conscientiza\u00e7\u00e3o ambiental. \u201cSer\u00e1 um fim de semana para toda a fam\u00edlia participar, aprender e se engajar na preserva\u00e7\u00e3o da natureza, al\u00e9m de conhecer mais sobre as tradi\u00e7\u00f5es locais\u201d, afirma Ronnie Pl\u00e1cido, presidente da FUNTEC Ambiental.<\/p>\n<p>Aberto ao p\u00fablico e com entrada gratuita, o encontro \u00e9 uma oportunidade para moradores e visitantes contribu\u00edrem com pr\u00e1ticas sustent\u00e1veis e fortalecerem o v\u00ednculo com o meio ambiente\u00a0da\u00a0regi\u00e3o.<\/p>\n","protected":false},"excerpt":{"rendered":"<p>Nos dias 2 e 3 de agosto, a Orla Fl\u00e1via Alessandra, na Praia Grande, ser\u00e1 palco do \u201cMar-\u00c0-Tona Ambiental\u201d, projeto promovido pela FUNTEC Ambiental \u2014 a Funda\u00e7\u00e3o Municipal de Meio Ambiente, Pesca, Pesquisa, Ci\u00eancia, Tecnologia, Esporte e Lazer de Arraial do Cabo. A a\u00e7\u00e3o conta com o apoio do ICMBio e parceria da Superintend\u00eancia da [&hellip;]<\/p>\n","protected":false},"author":2,"featured_media":21512,"comment_status":"open","ping_status":"open","sticky":true,"template":"","format":"standard","meta":{"footnotes":""},"categories":[838],"tags":[1896],"class_list":["post-21511","post","type-post","status-publish","format-standard","has-post-thumbnail","hentry","category-arraial-do-cabo","tag-destaque"],"_links":{"self":[{"href":"https:\/\/blogdodanielgalvao.com.br\/site\/wp-json\/wp\/v2\/posts\/21511","targetHints":{"allow":["GET"]}}],"collection":[{"href":"https:\/\/blogdodanielgalvao.com.br\/site\/wp-json\/wp\/v2\/posts"}],"about":[{"href":"https:\/\/blogdodanielgalvao.com.br\/site\/wp-json\/wp\/v2\/types\/post"}],"author":[{"embeddable":true,"href":"https:\/\/blogdodanielgalvao.com.br\/site\/wp-json\/wp\/v2\/users\/2"}],"replies":[{"embeddable":true,"href":"https:\/\/blogdodanielgalvao.com.br\/site\/wp-json\/wp\/v2\/comments?post=21511"}],"version-history":[{"count":1,"href":"https:\/\/blogdodanielgalvao.com.br\/site\/wp-json\/wp\/v2\/posts\/21511\/revisions"}],"predecessor-version":[{"id":21513,"href":"https:\/\/blogdodanielgalvao.com.br\/site\/wp-json\/wp\/v2\/posts\/21511\/revisions\/21513"}],"wp:featuredmedia":[{"embeddable":true,"href":"https:\/\/blogdodanielgalvao.com.br\/site\/wp-json\/wp\/v2\/media\/21512"}],"wp:attachment":[{"href":"https:\/\/blogdodanielgalvao.com.br\/site\/wp-json\/wp\/v2\/media?parent=21511"}],"wp:term":[{"taxonomy":"category","embeddable":true,"href":"https:\/\/blogdodanielgalvao.com.br\/site\/wp-json\/wp\/v2\/categories?post=21511"},{"taxonomy":"post_tag","embeddable":true,"href":"https:\/\/blogdodanielgalvao.com.br\/site\/wp-json\/wp\/v2\/tags?post=21511"}],"curies":[{"name":"wp","href":"https:\/\/api.w.org\/{rel}","templated":true}]}}