{"id":21507,"date":"2025-07-29T11:44:24","date_gmt":"2025-07-29T14:44:24","guid":{"rendered":"https:\/\/blogdodanielgalvao.com.br\/site\/?p=21507"},"modified":"2025-07-29T11:44:24","modified_gmt":"2025-07-29T14:44:24","slug":"congresso-destaca-atuacao-de-orientadores-da-rede-municipal-de-cabo-frio","status":"publish","type":"post","link":"https:\/\/blogdodanielgalvao.com.br\/site\/congresso-destaca-atuacao-de-orientadores-da-rede-municipal-de-cabo-frio\/","title":{"rendered":"Congresso destaca atua\u00e7\u00e3o de orientadores da rede municipal de Cabo Frio"},"content":{"rendered":"<p>A cidade de Cabo Frio marcou presen\u00e7a no XI Congresso Brasileiro de Orienta\u00e7\u00e3o Educacional, realizado em Bras\u00edlia. Com o tema \u201cTrajet\u00f3ria de (re)exist\u00eancia e a pr\u00e1xis educativa da Orienta\u00e7\u00e3o Educacional no s\u00e9culo XXI\u201d, o encontro reuniu especialistas de diferentes regi\u00f5es do pa\u00eds para debater os rumos da orienta\u00e7\u00e3o educacional diante dos desafios atuais.<\/p>\n<p>Representando a Secretaria Municipal de Educa\u00e7\u00e3o, a equipe cabo-friense participou da mesa-redonda \u201cViv\u00eancias, desafios e avan\u00e7os da Orienta\u00e7\u00e3o Educacional na atualidade\u201d, onde apresentou as estrat\u00e9gias adotadas na rede p\u00fablica municipal e os resultados obtidos no fortalecimento do desenvolvimento integral dos estudantes.<\/p>\n<p>A programa\u00e7\u00e3o do congresso incluiu palestras, oficinas pr\u00e1ticas e exposi\u00e7\u00e3o de trabalhos que abordaram metodologias, experi\u00eancias e solu\u00e7\u00f5es aplicadas na \u00e1rea.<\/p>\n<p>A presen\u00e7a de Cabo Frio no evento refor\u00e7a o compromisso da gest\u00e3o municipal com a valoriza\u00e7\u00e3o dos orientadores educacionais e com a constru\u00e7\u00e3o de uma educa\u00e7\u00e3o mais inclusiva, atualizada e sintonizada com as realidades escolares\u00a0do\u00a0s\u00e9culo\u00a0XXI.<\/p>\n","protected":false},"excerpt":{"rendered":"<p>A cidade de Cabo Frio marcou presen\u00e7a no XI Congresso Brasileiro de Orienta\u00e7\u00e3o Educacional, realizado em Bras\u00edlia. Com o tema \u201cTrajet\u00f3ria de (re)exist\u00eancia e a pr\u00e1xis educativa da Orienta\u00e7\u00e3o Educacional no s\u00e9culo XXI\u201d, o encontro reuniu especialistas de diferentes regi\u00f5es do pa\u00eds para debater os rumos da orienta\u00e7\u00e3o educacional diante dos desafios atuais. Representando a [&hellip;]<\/p>\n","protected":false},"author":2,"featured_media":21508,"comment_status":"open","ping_status":"open","sticky":true,"template":"","format":"standard","meta":{"footnotes":""},"categories":[340],"tags":[1896],"class_list":["post-21507","post","type-post","status-publish","format-standard","has-post-thumbnail","hentry","category-cabo-frio","tag-destaque"],"_links":{"self":[{"href":"https:\/\/blogdodanielgalvao.com.br\/site\/wp-json\/wp\/v2\/posts\/21507","targetHints":{"allow":["GET"]}}],"collection":[{"href":"https:\/\/blogdodanielgalvao.com.br\/site\/wp-json\/wp\/v2\/posts"}],"about":[{"href":"https:\/\/blogdodanielgalvao.com.br\/site\/wp-json\/wp\/v2\/types\/post"}],"author":[{"embeddable":true,"href":"https:\/\/blogdodanielgalvao.com.br\/site\/wp-json\/wp\/v2\/users\/2"}],"replies":[{"embeddable":true,"href":"https:\/\/blogdodanielgalvao.com.br\/site\/wp-json\/wp\/v2\/comments?post=21507"}],"version-history":[{"count":1,"href":"https:\/\/blogdodanielgalvao.com.br\/site\/wp-json\/wp\/v2\/posts\/21507\/revisions"}],"predecessor-version":[{"id":21509,"href":"https:\/\/blogdodanielgalvao.com.br\/site\/wp-json\/wp\/v2\/posts\/21507\/revisions\/21509"}],"wp:featuredmedia":[{"embeddable":true,"href":"https:\/\/blogdodanielgalvao.com.br\/site\/wp-json\/wp\/v2\/media\/21508"}],"wp:attachment":[{"href":"https:\/\/blogdodanielgalvao.com.br\/site\/wp-json\/wp\/v2\/media?parent=21507"}],"wp:term":[{"taxonomy":"category","embeddable":true,"href":"https:\/\/blogdodanielgalvao.com.br\/site\/wp-json\/wp\/v2\/categories?post=21507"},{"taxonomy":"post_tag","embeddable":true,"href":"https:\/\/blogdodanielgalvao.com.br\/site\/wp-json\/wp\/v2\/tags?post=21507"}],"curies":[{"name":"wp","href":"https:\/\/api.w.org\/{rel}","templated":true}]}}