{"id":21504,"date":"2025-07-29T10:53:48","date_gmt":"2025-07-29T13:53:48","guid":{"rendered":"https:\/\/blogdodanielgalvao.com.br\/site\/?p=21504"},"modified":"2025-07-29T10:53:48","modified_gmt":"2025-07-29T13:53:48","slug":"macae-comemora-212-anos-solenidade-civica-abre-programacao","status":"publish","type":"post","link":"https:\/\/blogdodanielgalvao.com.br\/site\/macae-comemora-212-anos-solenidade-civica-abre-programacao\/","title":{"rendered":"Maca\u00e9 comemora 212 anos; solenidade c\u00edvica abre programa\u00e7\u00e3o"},"content":{"rendered":"<p>Maca\u00e9 deu in\u00edcio oficialmente \u00e0s comemora\u00e7\u00f5es pelos seus 212 anos na manh\u00e3 desta ter\u00e7a-feira (29) com a cerim\u00f4nia c\u00edvica de hasteamento das bandeiras. O evento foi realizado em frente \u00e0 Prefeitura de Maca\u00e9.<\/p>\n<p>Durante a cerim\u00f4nia, o presidente Welberth Rezende hasteou a bandeira de Maca\u00e9. J\u00e1 o capit\u00e3o dos portos de Maca\u00e9, Francisco Filho ficou encarregado de hastear o pavilh\u00e3o nacional. O representante do 32\u00ba Batalh\u00e3o de Pol\u00edcia Militar (32\u00ba BPM), tenente coronel Carvalho, hasteou a bandeira do Estado do Rio de Janeiro. J\u00e1 o capit\u00e3o Trentine esteve representando o Forte Marechal Hermes e ficou respons\u00e1vel pela bandeira do Mercosul.<\/p>\n<p>O capit\u00e3o de corveta Tiago Azevedo de Oliveira, comandou o sinal para autorizar a eleva\u00e7\u00e3o das bandeiras.<\/p>\n<p>Participaram da solenidade o vice-prefeito, Dr. Fabiano Paschoal, secret\u00e1rios e autoridades do munic\u00edpio.<\/p>\n","protected":false},"excerpt":{"rendered":"<p>Maca\u00e9 deu in\u00edcio oficialmente \u00e0s comemora\u00e7\u00f5es pelos seus 212 anos na manh\u00e3 desta ter\u00e7a-feira (29) com a cerim\u00f4nia c\u00edvica de hasteamento das bandeiras. O evento foi realizado em frente \u00e0 Prefeitura de Maca\u00e9. Durante a cerim\u00f4nia, o presidente Welberth Rezende hasteou a bandeira de Maca\u00e9. J\u00e1 o capit\u00e3o dos portos de Maca\u00e9, Francisco Filho ficou [&hellip;]<\/p>\n","protected":false},"author":2,"featured_media":21505,"comment_status":"open","ping_status":"open","sticky":true,"template":"","format":"standard","meta":{"footnotes":""},"categories":[2],"tags":[1896],"class_list":["post-21504","post","type-post","status-publish","format-standard","has-post-thumbnail","hentry","category-macae","tag-destaque"],"_links":{"self":[{"href":"https:\/\/blogdodanielgalvao.com.br\/site\/wp-json\/wp\/v2\/posts\/21504","targetHints":{"allow":["GET"]}}],"collection":[{"href":"https:\/\/blogdodanielgalvao.com.br\/site\/wp-json\/wp\/v2\/posts"}],"about":[{"href":"https:\/\/blogdodanielgalvao.com.br\/site\/wp-json\/wp\/v2\/types\/post"}],"author":[{"embeddable":true,"href":"https:\/\/blogdodanielgalvao.com.br\/site\/wp-json\/wp\/v2\/users\/2"}],"replies":[{"embeddable":true,"href":"https:\/\/blogdodanielgalvao.com.br\/site\/wp-json\/wp\/v2\/comments?post=21504"}],"version-history":[{"count":1,"href":"https:\/\/blogdodanielgalvao.com.br\/site\/wp-json\/wp\/v2\/posts\/21504\/revisions"}],"predecessor-version":[{"id":21506,"href":"https:\/\/blogdodanielgalvao.com.br\/site\/wp-json\/wp\/v2\/posts\/21504\/revisions\/21506"}],"wp:featuredmedia":[{"embeddable":true,"href":"https:\/\/blogdodanielgalvao.com.br\/site\/wp-json\/wp\/v2\/media\/21505"}],"wp:attachment":[{"href":"https:\/\/blogdodanielgalvao.com.br\/site\/wp-json\/wp\/v2\/media?parent=21504"}],"wp:term":[{"taxonomy":"category","embeddable":true,"href":"https:\/\/blogdodanielgalvao.com.br\/site\/wp-json\/wp\/v2\/categories?post=21504"},{"taxonomy":"post_tag","embeddable":true,"href":"https:\/\/blogdodanielgalvao.com.br\/site\/wp-json\/wp\/v2\/tags?post=21504"}],"curies":[{"name":"wp","href":"https:\/\/api.w.org\/{rel}","templated":true}]}}