{"id":21501,"date":"2025-07-29T10:43:44","date_gmt":"2025-07-29T13:43:44","guid":{"rendered":"https:\/\/blogdodanielgalvao.com.br\/site\/?p=21501"},"modified":"2025-07-29T10:43:44","modified_gmt":"2025-07-29T13:43:44","slug":"importantes-predios-publicos-reformados-sao-entregues-hoje-em-macae","status":"publish","type":"post","link":"https:\/\/blogdodanielgalvao.com.br\/site\/importantes-predios-publicos-reformados-sao-entregues-hoje-em-macae\/","title":{"rendered":"Importantes pr\u00e9dios p\u00fablicos reformados s\u00e3o entregues hoje em Maca\u00e9"},"content":{"rendered":"<p>Maca\u00e9 celebrou 212 anos de emancipa\u00e7\u00e3o pol\u00edtico-admnistrativa nesta ter\u00e7a-feira (29) e como parte do cronograma de celebra\u00e7\u00f5es, o poder p\u00fablico entregou a obra de reforma de dois pr\u00e9dios da administra\u00e7\u00e3o municipal. S\u00e3o eles o Pa\u00e7o Municipal e o Centro Administrativo Luiz Os\u00f3rio, que tamb\u00e9m fica na Avenida Presidente Sodr\u00e9, no Centro.<\/p>\n<p>A entrega oficial das reformas foi realizada com o Hasteamento das Bandeiras, realizado no in\u00edcio da manh\u00e3 desta ter\u00e7a-feira (29). Os dois pr\u00e9dios s\u00e3o de extrema import\u00e2ncia para o munic\u00edpio, uma vez que juntos eles abrigaram 22 secretarias e outros \u00f3rg\u00e3os da administra\u00e7\u00e3o p\u00fablica municipal.<\/p>\n<p>Dentre as interven\u00e7\u00f5es realizadas, os locais receberam reformula\u00e7\u00e3o paisag\u00edstica, nova entrada, ilumina\u00e7\u00e3o, corrim\u00e3os e elevadores em opera\u00e7\u00e3o. O trabalho de reforma envolveu as Secretarias de Administra\u00e7\u00e3o, Infraestrutura, Pol\u00edticas de Promo\u00e7\u00e3o da Igualdade Racial, Obras, Fazenda, Mobilidade Urbana, Comunica\u00e7\u00e3o, Ambiente, Comunica\u00e7\u00e3o e Cerimonial.<\/p>\n<p>Uma das novidades \u00e9 que a partir da entrega, o Cealo passar\u00e1 a contar tamb\u00e9m com o \u201cMural da Identidade Negra\u201d. A obra foi assinada pelo grafiteiro macaense Felipe dos Santos Barbosa Moraes, mais conhecido como \u201cTalu\u201d. Ela destaca o abra\u00e7o do munic\u00edpio \u00e0 ancestralidade. O projeto tem como objetivo refor\u00e7ar o compromisso de Maca\u00e9 ser uma cidade antirracista, que valoriza as ra\u00edzes afro-brasileiras. A aposta foi na arte urbana como ferramenta de conscientiza\u00e7\u00e3o de toda a sociedade.<\/p>\n<p>&#8220;Os dois pr\u00e9dios foram entregues para atender melhor a todos. Agradecemos o empenho de nossos servidores, que trabalharam para que isso fosse poss\u00edvel. E tamb\u00e9m destacamos o apoio de diversas Secretarias. Sem esse trabalho em equipe, nada disso teria sido alcan\u00e7ado. Foram meses de planejamento e trabalho para que, no anivers\u00e1rio da cidade, pud\u00e9ssemos entregar os dois pr\u00e9dios em pleno funcionamento&#8221;, disse o Secret\u00e1rio Municipal de Administra\u00e7\u00e3o, Alexandre Cruz.<\/p>\n","protected":false},"excerpt":{"rendered":"<p>Maca\u00e9 celebrou 212 anos de emancipa\u00e7\u00e3o pol\u00edtico-admnistrativa nesta ter\u00e7a-feira (29) e como parte do cronograma de celebra\u00e7\u00f5es, o poder p\u00fablico entregou a obra de reforma de dois pr\u00e9dios da administra\u00e7\u00e3o municipal. S\u00e3o eles o Pa\u00e7o Municipal e o Centro Administrativo Luiz Os\u00f3rio, que tamb\u00e9m fica na Avenida Presidente Sodr\u00e9, no Centro. A entrega oficial das [&hellip;]<\/p>\n","protected":false},"author":2,"featured_media":21502,"comment_status":"open","ping_status":"open","sticky":true,"template":"","format":"standard","meta":{"footnotes":""},"categories":[2],"tags":[1896],"class_list":["post-21501","post","type-post","status-publish","format-standard","has-post-thumbnail","hentry","category-macae","tag-destaque"],"_links":{"self":[{"href":"https:\/\/blogdodanielgalvao.com.br\/site\/wp-json\/wp\/v2\/posts\/21501","targetHints":{"allow":["GET"]}}],"collection":[{"href":"https:\/\/blogdodanielgalvao.com.br\/site\/wp-json\/wp\/v2\/posts"}],"about":[{"href":"https:\/\/blogdodanielgalvao.com.br\/site\/wp-json\/wp\/v2\/types\/post"}],"author":[{"embeddable":true,"href":"https:\/\/blogdodanielgalvao.com.br\/site\/wp-json\/wp\/v2\/users\/2"}],"replies":[{"embeddable":true,"href":"https:\/\/blogdodanielgalvao.com.br\/site\/wp-json\/wp\/v2\/comments?post=21501"}],"version-history":[{"count":1,"href":"https:\/\/blogdodanielgalvao.com.br\/site\/wp-json\/wp\/v2\/posts\/21501\/revisions"}],"predecessor-version":[{"id":21503,"href":"https:\/\/blogdodanielgalvao.com.br\/site\/wp-json\/wp\/v2\/posts\/21501\/revisions\/21503"}],"wp:featuredmedia":[{"embeddable":true,"href":"https:\/\/blogdodanielgalvao.com.br\/site\/wp-json\/wp\/v2\/media\/21502"}],"wp:attachment":[{"href":"https:\/\/blogdodanielgalvao.com.br\/site\/wp-json\/wp\/v2\/media?parent=21501"}],"wp:term":[{"taxonomy":"category","embeddable":true,"href":"https:\/\/blogdodanielgalvao.com.br\/site\/wp-json\/wp\/v2\/categories?post=21501"},{"taxonomy":"post_tag","embeddable":true,"href":"https:\/\/blogdodanielgalvao.com.br\/site\/wp-json\/wp\/v2\/tags?post=21501"}],"curies":[{"name":"wp","href":"https:\/\/api.w.org\/{rel}","templated":true}]}}