{"id":21498,"date":"2025-07-28T17:41:16","date_gmt":"2025-07-28T20:41:16","guid":{"rendered":"https:\/\/blogdodanielgalvao.com.br\/site\/?p=21498"},"modified":"2025-07-28T17:41:16","modified_gmt":"2025-07-28T20:41:16","slug":"arraial-do-cabo-garante-classificacao-no-estadual-sub-17-e-conquista-titulo-na-copa-rio-das-ostras","status":"publish","type":"post","link":"https:\/\/blogdodanielgalvao.com.br\/site\/arraial-do-cabo-garante-classificacao-no-estadual-sub-17-e-conquista-titulo-na-copa-rio-das-ostras\/","title":{"rendered":"Arraial do Cabo garante classifica\u00e7\u00e3o no Estadual Sub-17 e conquista t\u00edtulo na Copa Rio das Ostras"},"content":{"rendered":"<p>Dois t\u00edtulos importantes marcaram o fim de semana esportivo em Arraial do Cabo. No domingo (27), a equipe Sub-17 da Liga Desportiva de Arraial conquistou uma virada por 2 a 1 no Campeonato Regional da Federa\u00e7\u00e3o de Futebol do Estado do Rio de Janeiro (FERJ), garantindo a vaga no Estadual de Ligas da categoria.<\/p>\n<p>J\u00e1 no s\u00e1bado (26), a Associa\u00e7\u00e3o Atl\u00e9tica de Arraial do Cabo levou o t\u00edtulo da Rio das Ostras Soccer Cup, ap\u00f3s uma disputa acirrada contra o Gr\u00eamio Aud\u00e1cia, de Cabo Frio. O jogo terminou empatado e foi decidido nos p\u00eanaltis, com vit\u00f3ria cabista por 4 a 1. A competi\u00e7\u00e3o, disputada entre os dias 23 e 26 de julho, contou com a participa\u00e7\u00e3o de mais de 48 equipes de v\u00e1rias cidades.<\/p>\n<p>De acordo com Kekke Rosberk, vice-presidente da Liga Desportiva e tamb\u00e9m diretor da Associa\u00e7\u00e3o Atl\u00e9tica, as vit\u00f3rias s\u00e3o um marco para o munic\u00edpio: &#8220;Esses dois t\u00edtulos s\u00e3o hist\u00f3ricos e de grande import\u00e2ncia para Arraial do Cabo. Ser campe\u00e3o do Regional e avan\u00e7ar para o Estadual de Ligas, somado \u00e0 conquista da Copa Rio das Ostras \u2013 uma competi\u00e7\u00e3o de alto n\u00edvel com a presen\u00e7a de diversos observadores e t\u00e9cnicos \u2013 demonstra a for\u00e7a de nossos atletas. Ganhamos a s\u00e9rie mais dif\u00edcil, a S\u00e9rie Ouro. S\u00e3o dois t\u00edtulos de imensa relev\u00e2ncia para a cidade, que tamb\u00e9m marca nosso retorno \u00e0s competi\u00e7\u00f5es da federa\u00e7\u00e3o&#8221;.<\/p>\n<p>As conquistas refor\u00e7am o protagonismo da cidade no cen\u00e1rio esportivo regional e evidenciam o trabalho de base feito com os jovens\u00a0atletas\u00a0locais.<\/p>\n","protected":false},"excerpt":{"rendered":"<p>Dois t\u00edtulos importantes marcaram o fim de semana esportivo em Arraial do Cabo. No domingo (27), a equipe Sub-17 da Liga Desportiva de Arraial conquistou uma virada por 2 a 1 no Campeonato Regional da Federa\u00e7\u00e3o de Futebol do Estado do Rio de Janeiro (FERJ), garantindo a vaga no Estadual de Ligas da categoria. J\u00e1 [&hellip;]<\/p>\n","protected":false},"author":2,"featured_media":21499,"comment_status":"open","ping_status":"open","sticky":true,"template":"","format":"standard","meta":{"footnotes":""},"categories":[838],"tags":[1896],"class_list":["post-21498","post","type-post","status-publish","format-standard","has-post-thumbnail","hentry","category-arraial-do-cabo","tag-destaque"],"_links":{"self":[{"href":"https:\/\/blogdodanielgalvao.com.br\/site\/wp-json\/wp\/v2\/posts\/21498","targetHints":{"allow":["GET"]}}],"collection":[{"href":"https:\/\/blogdodanielgalvao.com.br\/site\/wp-json\/wp\/v2\/posts"}],"about":[{"href":"https:\/\/blogdodanielgalvao.com.br\/site\/wp-json\/wp\/v2\/types\/post"}],"author":[{"embeddable":true,"href":"https:\/\/blogdodanielgalvao.com.br\/site\/wp-json\/wp\/v2\/users\/2"}],"replies":[{"embeddable":true,"href":"https:\/\/blogdodanielgalvao.com.br\/site\/wp-json\/wp\/v2\/comments?post=21498"}],"version-history":[{"count":1,"href":"https:\/\/blogdodanielgalvao.com.br\/site\/wp-json\/wp\/v2\/posts\/21498\/revisions"}],"predecessor-version":[{"id":21500,"href":"https:\/\/blogdodanielgalvao.com.br\/site\/wp-json\/wp\/v2\/posts\/21498\/revisions\/21500"}],"wp:featuredmedia":[{"embeddable":true,"href":"https:\/\/blogdodanielgalvao.com.br\/site\/wp-json\/wp\/v2\/media\/21499"}],"wp:attachment":[{"href":"https:\/\/blogdodanielgalvao.com.br\/site\/wp-json\/wp\/v2\/media?parent=21498"}],"wp:term":[{"taxonomy":"category","embeddable":true,"href":"https:\/\/blogdodanielgalvao.com.br\/site\/wp-json\/wp\/v2\/categories?post=21498"},{"taxonomy":"post_tag","embeddable":true,"href":"https:\/\/blogdodanielgalvao.com.br\/site\/wp-json\/wp\/v2\/tags?post=21498"}],"curies":[{"name":"wp","href":"https:\/\/api.w.org\/{rel}","templated":true}]}}