{"id":2145,"date":"2018-07-18T07:58:48","date_gmt":"2018-07-18T10:58:48","guid":{"rendered":"http:\/\/blogdodanielgalvao.com.br\/site\/?p=2145"},"modified":"2018-07-18T07:58:48","modified_gmt":"2018-07-18T10:58:48","slug":"macae-reducao-do-numero-de-vagas-do-mdb-para-candidatos-a-alerj-vira-estopim-para-guerra-entre-vereadores-entenda","status":"publish","type":"post","link":"https:\/\/blogdodanielgalvao.com.br\/site\/macae-reducao-do-numero-de-vagas-do-mdb-para-candidatos-a-alerj-vira-estopim-para-guerra-entre-vereadores-entenda\/","title":{"rendered":"Maca\u00e9: redu\u00e7\u00e3o do n\u00famero de vagas do MDB para candidatos \u00e0 Alerj vira estopim para \u2018guerra\u2019 entre vereadores. Entenda!"},"content":{"rendered":"<p>Um poss\u00edvel acordo entre o MDB e outros 4 partidos para as elei\u00e7\u00f5es deste ano pode restringir em 30 o n\u00famero de vagas da sigla para candidatos a deputado estadual. E esse seria o principal motivo para o in\u00edcio de uma \u2018guerra\u2019 nos batidores entre Guto Garcia e Julinho do Aeroporto.<\/p>\n<p>Isso porque, segundo fontes do Blog, os dois &#8211; que s\u00e3o pr\u00e9-candidatos \u00e0 Alerj &#8211; estiveram no Rio reunidos com a c\u00fapula medebista nos \u00faltimos dias. Em pauta: garantir o pr\u00f3prio registro e, de quebra, impedir que o outro divida os votos na cidade e regi\u00e3o.<\/p>\n<p>De acordo com informa\u00e7\u00f5es de pessoas ligadas \u00e0 dire\u00e7\u00e3o do partido na capital, tanto Guto como Julinho receberam \u2018garantias\u2019 de que ter\u00e3o a vaga. Entretanto, o clima entre os dois vereadores, ao que parece, azedou. Nos corredores do Legislativo, o que dizem \u00e9 que um sequer olha no olho do outro.<\/p>\n<p>&nbsp;<\/p>\n","protected":false},"excerpt":{"rendered":"<p>Um poss\u00edvel acordo entre o MDB e outros 4 partidos para as elei\u00e7\u00f5es deste ano pode restringir em 30 o n\u00famero de vagas da sigla para candidatos a deputado estadual. E esse seria o principal motivo para o in\u00edcio de uma \u2018guerra\u2019 nos batidores entre Guto Garcia e Julinho do Aeroporto. Isso porque, segundo fontes [&hellip;]<\/p>\n","protected":false},"author":2,"featured_media":2146,"comment_status":"open","ping_status":"open","sticky":false,"template":"","format":"standard","meta":{"footnotes":""},"categories":[1],"tags":[122,263,48,75,684],"class_list":["post-2145","post","type-post","status-publish","format-standard","has-post-thumbnail","hentry","category-sem-categoria","tag-alerj","tag-deputado","tag-guto-garcia","tag-julinho-do-aeroporto","tag-mdb"],"_links":{"self":[{"href":"https:\/\/blogdodanielgalvao.com.br\/site\/wp-json\/wp\/v2\/posts\/2145","targetHints":{"allow":["GET"]}}],"collection":[{"href":"https:\/\/blogdodanielgalvao.com.br\/site\/wp-json\/wp\/v2\/posts"}],"about":[{"href":"https:\/\/blogdodanielgalvao.com.br\/site\/wp-json\/wp\/v2\/types\/post"}],"author":[{"embeddable":true,"href":"https:\/\/blogdodanielgalvao.com.br\/site\/wp-json\/wp\/v2\/users\/2"}],"replies":[{"embeddable":true,"href":"https:\/\/blogdodanielgalvao.com.br\/site\/wp-json\/wp\/v2\/comments?post=2145"}],"version-history":[{"count":1,"href":"https:\/\/blogdodanielgalvao.com.br\/site\/wp-json\/wp\/v2\/posts\/2145\/revisions"}],"predecessor-version":[{"id":2147,"href":"https:\/\/blogdodanielgalvao.com.br\/site\/wp-json\/wp\/v2\/posts\/2145\/revisions\/2147"}],"wp:featuredmedia":[{"embeddable":true,"href":"https:\/\/blogdodanielgalvao.com.br\/site\/wp-json\/wp\/v2\/media\/2146"}],"wp:attachment":[{"href":"https:\/\/blogdodanielgalvao.com.br\/site\/wp-json\/wp\/v2\/media?parent=2145"}],"wp:term":[{"taxonomy":"category","embeddable":true,"href":"https:\/\/blogdodanielgalvao.com.br\/site\/wp-json\/wp\/v2\/categories?post=2145"},{"taxonomy":"post_tag","embeddable":true,"href":"https:\/\/blogdodanielgalvao.com.br\/site\/wp-json\/wp\/v2\/tags?post=2145"}],"curies":[{"name":"wp","href":"https:\/\/api.w.org\/{rel}","templated":true}]}}