{"id":21352,"date":"2025-07-24T16:20:23","date_gmt":"2025-07-24T19:20:23","guid":{"rendered":"https:\/\/blogdodanielgalvao.com.br\/site\/?p=21352"},"modified":"2025-07-24T16:20:23","modified_gmt":"2025-07-24T19:20:23","slug":"jovens-surfistas-disputam-r-15-mil-em-cabo-frio-neste-fim-de-semana","status":"publish","type":"post","link":"https:\/\/blogdodanielgalvao.com.br\/site\/jovens-surfistas-disputam-r-15-mil-em-cabo-frio-neste-fim-de-semana\/","title":{"rendered":"Jovens surfistas disputam R$ 15 mil em Cabo Frio neste fim de semana"},"content":{"rendered":"<p>Neste s\u00e1bado (26) e domingo (27), a Praia do Forte ser\u00e1 o centro das aten\u00e7\u00f5es para os apaixonados pelo surfe. Cabo Frio vai sediar a primeira etapa do Circuito Talentos do Surf 2025, reunindo atletas de diversas idades em nove categorias diferentes \u2014 todas com disputas tanto no masculino quanto no feminino.<\/p>\n<p>O campeonato \u00e9 promovido pelo Cabo Frio Surf Clube (CSC), com reconhecimento oficial da Federa\u00e7\u00e3o de Surf do Estado do Rio de Janeiro (FESERJ). O evento \u00e9 patrocinado pelo Conselho Municipal de Turismo e conta com o apoio da Prefeitura de Cabo Frio, por meio das Secretarias de Esporte e Lazer, Turismo e Meio Ambiente.<\/p>\n<p>Com uma premia\u00e7\u00e3o total de R$ 15 mil, a competi\u00e7\u00e3o contempla as categorias Pro\/AM, Estudantil, Sub-12, Sub-14, Sub-16, Sub-18, Open, Master e Kahuna. A expectativa \u00e9 de uma programa\u00e7\u00e3o intensa, reunindo talentos promissores e nomes experientes do esporte.<\/p>\n<p>&nbsp;<\/p>\n<p><strong>Programa\u00e7\u00e3o oficial \u2013 1\u00aa etapa do circuito na Praia do Forte\u00a0\u00a0\u00a0\u00a0 \u00a0\u00a0\u00a0\u00a0\u00a0<\/strong><\/p>\n<p>&nbsp;<\/p>\n<p><strong>S\u00e1bado (26 de julho):<\/strong><\/p>\n<p>8h: In\u00edcio das classificat\u00f3rias das categorias acima de 18 anos<\/p>\n<p>10h: Largada das classificat\u00f3rias da Sub-18<\/p>\n<p>10h30: Apresenta\u00e7\u00e3o do Instituto SOMAR<\/p>\n<p>11h: Bateria especial com convidados da Prefeitura<\/p>\n<p>12h: A\u00e7\u00e3o de educa\u00e7\u00e3o ambiental com a Secretaria de Meio Ambiente<\/p>\n<p>13h30: Segunda fase das categorias acima de 18 anos<\/p>\n<p>14h30: Segunda fase das categorias Sub-18<\/p>\n<p>17h: Encerramento do dia<\/p>\n<p>&nbsp;<\/p>\n<p><strong>Domingo (27 de julho):<\/strong><\/p>\n<p>8h: Semifinais das categorias acima de 18 anos<\/p>\n<p>9h30: Semifinais das categorias Sub-18<\/p>\n<p>12h: Categoria recreativa at\u00e9 12 anos<\/p>\n<p>13h: Finais das categorias<\/p>\n<p>15h: Cerim\u00f4nia de premia\u00e7\u00e3o e encerramento oficial<\/p>\n<p>&nbsp;<\/p>\n<p>A realiza\u00e7\u00e3o do circuito refor\u00e7a a voca\u00e7\u00e3o esportiva de Cabo Frio e valoriza o talento de jovens atletas, promovendo integra\u00e7\u00e3o, lazer e incentivo ao esporte nas areias de uma das praias mais ic\u00f4nicas da Regi\u00e3o\u00a0dos\u00a0Lagos.<\/p>\n","protected":false},"excerpt":{"rendered":"<p>Neste s\u00e1bado (26) e domingo (27), a Praia do Forte ser\u00e1 o centro das aten\u00e7\u00f5es para os apaixonados pelo surfe. Cabo Frio vai sediar a primeira etapa do Circuito Talentos do Surf 2025, reunindo atletas de diversas idades em nove categorias diferentes \u2014 todas com disputas tanto no masculino quanto no feminino. O campeonato \u00e9 [&hellip;]<\/p>\n","protected":false},"author":2,"featured_media":21353,"comment_status":"open","ping_status":"open","sticky":true,"template":"","format":"standard","meta":{"footnotes":""},"categories":[340],"tags":[1896],"class_list":["post-21352","post","type-post","status-publish","format-standard","has-post-thumbnail","hentry","category-cabo-frio","tag-destaque"],"_links":{"self":[{"href":"https:\/\/blogdodanielgalvao.com.br\/site\/wp-json\/wp\/v2\/posts\/21352","targetHints":{"allow":["GET"]}}],"collection":[{"href":"https:\/\/blogdodanielgalvao.com.br\/site\/wp-json\/wp\/v2\/posts"}],"about":[{"href":"https:\/\/blogdodanielgalvao.com.br\/site\/wp-json\/wp\/v2\/types\/post"}],"author":[{"embeddable":true,"href":"https:\/\/blogdodanielgalvao.com.br\/site\/wp-json\/wp\/v2\/users\/2"}],"replies":[{"embeddable":true,"href":"https:\/\/blogdodanielgalvao.com.br\/site\/wp-json\/wp\/v2\/comments?post=21352"}],"version-history":[{"count":1,"href":"https:\/\/blogdodanielgalvao.com.br\/site\/wp-json\/wp\/v2\/posts\/21352\/revisions"}],"predecessor-version":[{"id":21354,"href":"https:\/\/blogdodanielgalvao.com.br\/site\/wp-json\/wp\/v2\/posts\/21352\/revisions\/21354"}],"wp:featuredmedia":[{"embeddable":true,"href":"https:\/\/blogdodanielgalvao.com.br\/site\/wp-json\/wp\/v2\/media\/21353"}],"wp:attachment":[{"href":"https:\/\/blogdodanielgalvao.com.br\/site\/wp-json\/wp\/v2\/media?parent=21352"}],"wp:term":[{"taxonomy":"category","embeddable":true,"href":"https:\/\/blogdodanielgalvao.com.br\/site\/wp-json\/wp\/v2\/categories?post=21352"},{"taxonomy":"post_tag","embeddable":true,"href":"https:\/\/blogdodanielgalvao.com.br\/site\/wp-json\/wp\/v2\/tags?post=21352"}],"curies":[{"name":"wp","href":"https:\/\/api.w.org\/{rel}","templated":true}]}}