{"id":21344,"date":"2025-07-24T15:51:21","date_gmt":"2025-07-24T18:51:21","guid":{"rendered":"https:\/\/blogdodanielgalvao.com.br\/site\/?p=21344"},"modified":"2025-07-24T15:51:21","modified_gmt":"2025-07-24T18:51:21","slug":"justica-e-acionada-para-condenar-autor-de-homicidio-em-ponto-turistico-de-buzios","status":"publish","type":"post","link":"https:\/\/blogdodanielgalvao.com.br\/site\/justica-e-acionada-para-condenar-autor-de-homicidio-em-ponto-turistico-de-buzios\/","title":{"rendered":"Justi\u00e7a \u00e9 acionada para condenar autor de homic\u00eddio em ponto tur\u00edstico de B\u00fazios"},"content":{"rendered":"<p>O Minist\u00e9rio P\u00fablico do Estado do Rio de Janeiro (MPRJ) solicitou que Vitor Gon\u00e7alves Mattos Viana, acusado de matar um seguran\u00e7a de bar com golpes de canivete na Orla Bardot, em B\u00fazios, seja julgado por j\u00fari popular. A den\u00fancia tamb\u00e9m inclui pedido de indeniza\u00e7\u00e3o por danos morais \u00e0 fam\u00edlia da v\u00edtima, no valor m\u00ednimo de 100 sal\u00e1rios-m\u00ednimos.<\/p>\n<p>O crime aconteceu na madrugada de 20 de julho, em um dos pontos tur\u00edsticos mais movimentados do munic\u00edpio. Ap\u00f3s ser contido por funcion\u00e1rios do bar, Vitor foi preso em flagrante pela Pol\u00edcia Militar e, dois dias depois, teve a pris\u00e3o convertida em preventiva por decis\u00e3o obtida pelo MPRJ, por meio do N\u00facleo de Atua\u00e7\u00e3o Perante a Central de Audi\u00eancia de Cust\u00f3dia da Capital (NACAC\/MPRJ). A medida visa garantir a ordem p\u00fablica e a continuidade das investiga\u00e7\u00f5es.<\/p>\n<p>Segundo a den\u00fancia formalizada pela 2\u00aa Promotoria de Justi\u00e7a de Arma\u00e7\u00e3o dos B\u00fazios, o assassinato foi cometido com motiva\u00e7\u00e3o considerada f\u00fatil. O atrito come\u00e7ou quando a v\u00edtima teria dado um tapa no capacete do acusado, que acelerava a moto em frente ao bar. Em rea\u00e7\u00e3o, Vitor teria esperado o seguran\u00e7a se virar de costas para ent\u00e3o atac\u00e1-lo pelas costas com um canivete, atingindo-o no pesco\u00e7o, o que causou sua morte.<\/p>\n<p>Al\u00e9m do homic\u00eddio duplamente qualificado, Vitor tamb\u00e9m responder\u00e1 por porte ilegal de arma branca. O MPRJ refor\u00e7a que os ind\u00edcios apontam para um ataque premeditado, com inten\u00e7\u00e3o clara de matar, o que agrava a responsabilidade penal\u00a0do\u00a0denunciado.<\/p>\n","protected":false},"excerpt":{"rendered":"<p>O Minist\u00e9rio P\u00fablico do Estado do Rio de Janeiro (MPRJ) solicitou que Vitor Gon\u00e7alves Mattos Viana, acusado de matar um seguran\u00e7a de bar com golpes de canivete na Orla Bardot, em B\u00fazios, seja julgado por j\u00fari popular. A den\u00fancia tamb\u00e9m inclui pedido de indeniza\u00e7\u00e3o por danos morais \u00e0 fam\u00edlia da v\u00edtima, no valor m\u00ednimo de [&hellip;]<\/p>\n","protected":false},"author":2,"featured_media":21346,"comment_status":"open","ping_status":"open","sticky":true,"template":"","format":"standard","meta":{"footnotes":""},"categories":[824],"tags":[1896],"class_list":["post-21344","post","type-post","status-publish","format-standard","has-post-thumbnail","hentry","category-buzios","tag-destaque"],"_links":{"self":[{"href":"https:\/\/blogdodanielgalvao.com.br\/site\/wp-json\/wp\/v2\/posts\/21344","targetHints":{"allow":["GET"]}}],"collection":[{"href":"https:\/\/blogdodanielgalvao.com.br\/site\/wp-json\/wp\/v2\/posts"}],"about":[{"href":"https:\/\/blogdodanielgalvao.com.br\/site\/wp-json\/wp\/v2\/types\/post"}],"author":[{"embeddable":true,"href":"https:\/\/blogdodanielgalvao.com.br\/site\/wp-json\/wp\/v2\/users\/2"}],"replies":[{"embeddable":true,"href":"https:\/\/blogdodanielgalvao.com.br\/site\/wp-json\/wp\/v2\/comments?post=21344"}],"version-history":[{"count":1,"href":"https:\/\/blogdodanielgalvao.com.br\/site\/wp-json\/wp\/v2\/posts\/21344\/revisions"}],"predecessor-version":[{"id":21347,"href":"https:\/\/blogdodanielgalvao.com.br\/site\/wp-json\/wp\/v2\/posts\/21344\/revisions\/21347"}],"wp:featuredmedia":[{"embeddable":true,"href":"https:\/\/blogdodanielgalvao.com.br\/site\/wp-json\/wp\/v2\/media\/21346"}],"wp:attachment":[{"href":"https:\/\/blogdodanielgalvao.com.br\/site\/wp-json\/wp\/v2\/media?parent=21344"}],"wp:term":[{"taxonomy":"category","embeddable":true,"href":"https:\/\/blogdodanielgalvao.com.br\/site\/wp-json\/wp\/v2\/categories?post=21344"},{"taxonomy":"post_tag","embeddable":true,"href":"https:\/\/blogdodanielgalvao.com.br\/site\/wp-json\/wp\/v2\/tags?post=21344"}],"curies":[{"name":"wp","href":"https:\/\/api.w.org\/{rel}","templated":true}]}}