{"id":21341,"date":"2025-07-24T15:46:33","date_gmt":"2025-07-24T18:46:33","guid":{"rendered":"https:\/\/blogdodanielgalvao.com.br\/site\/?p=21341"},"modified":"2025-07-24T15:46:33","modified_gmt":"2025-07-24T18:46:33","slug":"populacao-cabista-pode-se-inscrever-para-conferencia-que-debate-futuro-das-mulheres-no-municipio","status":"publish","type":"post","link":"https:\/\/blogdodanielgalvao.com.br\/site\/populacao-cabista-pode-se-inscrever-para-conferencia-que-debate-futuro-das-mulheres-no-municipio\/","title":{"rendered":"Popula\u00e7\u00e3o cabista pode se inscrever para confer\u00eancia que debate futuro das mulheres no munic\u00edpio"},"content":{"rendered":"<p>Est\u00e3o abertas as inscri\u00e7\u00f5es para a 1\u00aa Confer\u00eancia Municipal dos Direitos das Mulheres de Arraial do Cabo, que ser\u00e1 realizada no dia 28 de julho, das 8h \u00e0s 17h, no Centro Educacional e Cultural Manoel Camargo, na Praia dos Anjos (Avenida da Liberdade, s\/n).<\/p>\n<p>As interessadas podem se inscrever gratuitamente pelo link:\u00a0 <a href=\"https:\/\/forms.gle\/yC34oqwWR779EYiw7\"><strong>https:\/\/forms.gle\/yC34oqwWR779EYiw7<\/strong><\/a><\/p>\n<p>Tamb\u00e9m ser\u00e1 poss\u00edvel se inscrever presencialmente, no pr\u00f3prio dia da confer\u00eancia, antes do in\u00edcio das atividades.<\/p>\n<p>Com o tema &#8220;Mais democracia, mais igualdade e mais conquistas para todas&#8221;, o encontro \u00e9 promovido pela Secretaria de Desenvolvimento Social, Trabalho, Renda e Direitos Humanos, por meio da Superintend\u00eancia dos Direitos da Mulher. A proposta \u00e9 reunir sociedade civil e poder p\u00fablico para discutir diretrizes e propostas voltadas \u00e0 valoriza\u00e7\u00e3o das mulheres no munic\u00edpio.<\/p>\n<p>O evento principal \u00e9 resultado das pr\u00e9-confer\u00eancias realizadas entre os dias 21 e 23 de junho, nos CRAS de Monte Alto e Figueira, e no C\u00edrculo Oper\u00e1rio, no bairro Maced\u00f4nia. Nessas etapas preparat\u00f3rias, os eixos de debate foram amplamente discutidos pelas participantes, servindo de base para a constru\u00e7\u00e3o coletiva das decis\u00f5es da confer\u00eancia final.<\/p>\n<p>A participa\u00e7\u00e3o da popula\u00e7\u00e3o \u00e9 fundamental para ampliar a escuta, fortalecer o debate p\u00fablico e definir a\u00e7\u00f5es que promovam uma cidade mais justa e igualit\u00e1ria\u00a0para\u00a0todas.<\/p>\n","protected":false},"excerpt":{"rendered":"<p>Est\u00e3o abertas as inscri\u00e7\u00f5es para a 1\u00aa Confer\u00eancia Municipal dos Direitos das Mulheres de Arraial do Cabo, que ser\u00e1 realizada no dia 28 de julho, das 8h \u00e0s 17h, no Centro Educacional e Cultural Manoel Camargo, na Praia dos Anjos (Avenida da Liberdade, s\/n). As interessadas podem se inscrever gratuitamente pelo link:\u00a0 https:\/\/forms.gle\/yC34oqwWR779EYiw7 Tamb\u00e9m ser\u00e1 [&hellip;]<\/p>\n","protected":false},"author":2,"featured_media":21342,"comment_status":"open","ping_status":"open","sticky":true,"template":"","format":"standard","meta":{"footnotes":""},"categories":[838],"tags":[1896],"class_list":["post-21341","post","type-post","status-publish","format-standard","has-post-thumbnail","hentry","category-arraial-do-cabo","tag-destaque"],"_links":{"self":[{"href":"https:\/\/blogdodanielgalvao.com.br\/site\/wp-json\/wp\/v2\/posts\/21341","targetHints":{"allow":["GET"]}}],"collection":[{"href":"https:\/\/blogdodanielgalvao.com.br\/site\/wp-json\/wp\/v2\/posts"}],"about":[{"href":"https:\/\/blogdodanielgalvao.com.br\/site\/wp-json\/wp\/v2\/types\/post"}],"author":[{"embeddable":true,"href":"https:\/\/blogdodanielgalvao.com.br\/site\/wp-json\/wp\/v2\/users\/2"}],"replies":[{"embeddable":true,"href":"https:\/\/blogdodanielgalvao.com.br\/site\/wp-json\/wp\/v2\/comments?post=21341"}],"version-history":[{"count":1,"href":"https:\/\/blogdodanielgalvao.com.br\/site\/wp-json\/wp\/v2\/posts\/21341\/revisions"}],"predecessor-version":[{"id":21343,"href":"https:\/\/blogdodanielgalvao.com.br\/site\/wp-json\/wp\/v2\/posts\/21341\/revisions\/21343"}],"wp:featuredmedia":[{"embeddable":true,"href":"https:\/\/blogdodanielgalvao.com.br\/site\/wp-json\/wp\/v2\/media\/21342"}],"wp:attachment":[{"href":"https:\/\/blogdodanielgalvao.com.br\/site\/wp-json\/wp\/v2\/media?parent=21341"}],"wp:term":[{"taxonomy":"category","embeddable":true,"href":"https:\/\/blogdodanielgalvao.com.br\/site\/wp-json\/wp\/v2\/categories?post=21341"},{"taxonomy":"post_tag","embeddable":true,"href":"https:\/\/blogdodanielgalvao.com.br\/site\/wp-json\/wp\/v2\/tags?post=21341"}],"curies":[{"name":"wp","href":"https:\/\/api.w.org\/{rel}","templated":true}]}}