{"id":21338,"date":"2025-07-24T15:42:06","date_gmt":"2025-07-24T18:42:06","guid":{"rendered":"https:\/\/blogdodanielgalvao.com.br\/site\/?p=21338"},"modified":"2025-07-24T15:42:06","modified_gmt":"2025-07-24T18:42:06","slug":"acoes-de-fiscalizacao-combatem-ocupacoes-irregulares-de-cabo-frio-e-danos-ao-meio-ambiente","status":"publish","type":"post","link":"https:\/\/blogdodanielgalvao.com.br\/site\/acoes-de-fiscalizacao-combatem-ocupacoes-irregulares-de-cabo-frio-e-danos-ao-meio-ambiente\/","title":{"rendered":"A\u00e7\u00f5es de fiscaliza\u00e7\u00e3o combatem ocupa\u00e7\u00f5es irregulares de Cabo Frio e danos ao meio ambiente"},"content":{"rendered":"<p>A Prefeitura de Cabo Frio realizou nesta quarta-feira (23) uma s\u00e9rie de a\u00e7\u00f5es de fiscaliza\u00e7\u00e3o nos bairros S\u00edtio Guriri, Reserva do Per\u00f3 e Jardim Esperan\u00e7a. As a\u00e7\u00f5es, coordenadas pela Secretaria de Meio Ambiente, Saneamento e Clima, contaram com o apoio da Guarda Mar\u00edtima Ambiental e da Ronda Ostensiva Municipal (Romu).<\/p>\n<p>No S\u00edtio Guriri, agentes foram at\u00e9 o final da Rua 6, onde constataram a exist\u00eancia de um aterro irregular em uma \u00e1rea alagadi\u00e7a, essencial para o escoamento das \u00e1guas pluviais da regi\u00e3o. Uma obra clandestina no local foi imediatamente embargada, e o material utilizado no aterro come\u00e7ou a ser retirado. Moradores relataram que a interven\u00e7\u00e3o j\u00e1 causava alagamentos frequentes, e agradeceram a a\u00e7\u00e3o. O ponto segue sendo acompanhado de perto pelos fiscais.<\/p>\n<p>Na Reserva do Per\u00f3, a equipe atendeu den\u00fancias de moradores sobre ocupa\u00e7\u00f5es indevidas em uma \u00e1rea de topo de morro, classificada como zona de preserva\u00e7\u00e3o permanente. A fiscaliza\u00e7\u00e3o encontrou sinais de invas\u00e3o, e o local tamb\u00e9m est\u00e1 sob vigil\u00e2ncia para coibir novos danos ambientais.<\/p>\n<p>J\u00e1 no bairro Jardim Esperan\u00e7a, pr\u00f3ximo ao Gin\u00e1sio Vivaldo Barreto, a Secretaria averiguou den\u00fancias de que uma oficina automotiva irregular vinha deixando ve\u00edculos em estado de abandono na via p\u00fablica. O propriet\u00e1rio foi notificado a retirar os carros, que dificultavam o acesso de caminh\u00f5es de coleta de lixo e de entrega de mercadorias.<\/p>\n<p>A popula\u00e7\u00e3o pode colaborar com o trabalho de fiscaliza\u00e7\u00e3o por meio de den\u00fancias. Basta entrar em contato com a Secretaria de Meio Ambiente, Saneamento e Clima pelo telefone (22) 3199-1313 ou pelo e-mail <a href=\"mailto:meioambiente@cabofrio.rj.gov.br\">meioambiente@cabofrio.rj.gov.br<\/a>.<\/p>\n<p>A Guarda Civil Municipal tamb\u00e9m pode ser acionada pelo\u00a0n\u00famero\u00a0153.<\/p>\n","protected":false},"excerpt":{"rendered":"<p>A Prefeitura de Cabo Frio realizou nesta quarta-feira (23) uma s\u00e9rie de a\u00e7\u00f5es de fiscaliza\u00e7\u00e3o nos bairros S\u00edtio Guriri, Reserva do Per\u00f3 e Jardim Esperan\u00e7a. As a\u00e7\u00f5es, coordenadas pela Secretaria de Meio Ambiente, Saneamento e Clima, contaram com o apoio da Guarda Mar\u00edtima Ambiental e da Ronda Ostensiva Municipal (Romu). No S\u00edtio Guriri, agentes foram [&hellip;]<\/p>\n","protected":false},"author":2,"featured_media":21339,"comment_status":"open","ping_status":"open","sticky":true,"template":"","format":"standard","meta":{"footnotes":""},"categories":[340],"tags":[1896],"class_list":["post-21338","post","type-post","status-publish","format-standard","has-post-thumbnail","hentry","category-cabo-frio","tag-destaque"],"_links":{"self":[{"href":"https:\/\/blogdodanielgalvao.com.br\/site\/wp-json\/wp\/v2\/posts\/21338","targetHints":{"allow":["GET"]}}],"collection":[{"href":"https:\/\/blogdodanielgalvao.com.br\/site\/wp-json\/wp\/v2\/posts"}],"about":[{"href":"https:\/\/blogdodanielgalvao.com.br\/site\/wp-json\/wp\/v2\/types\/post"}],"author":[{"embeddable":true,"href":"https:\/\/blogdodanielgalvao.com.br\/site\/wp-json\/wp\/v2\/users\/2"}],"replies":[{"embeddable":true,"href":"https:\/\/blogdodanielgalvao.com.br\/site\/wp-json\/wp\/v2\/comments?post=21338"}],"version-history":[{"count":1,"href":"https:\/\/blogdodanielgalvao.com.br\/site\/wp-json\/wp\/v2\/posts\/21338\/revisions"}],"predecessor-version":[{"id":21340,"href":"https:\/\/blogdodanielgalvao.com.br\/site\/wp-json\/wp\/v2\/posts\/21338\/revisions\/21340"}],"wp:featuredmedia":[{"embeddable":true,"href":"https:\/\/blogdodanielgalvao.com.br\/site\/wp-json\/wp\/v2\/media\/21339"}],"wp:attachment":[{"href":"https:\/\/blogdodanielgalvao.com.br\/site\/wp-json\/wp\/v2\/media?parent=21338"}],"wp:term":[{"taxonomy":"category","embeddable":true,"href":"https:\/\/blogdodanielgalvao.com.br\/site\/wp-json\/wp\/v2\/categories?post=21338"},{"taxonomy":"post_tag","embeddable":true,"href":"https:\/\/blogdodanielgalvao.com.br\/site\/wp-json\/wp\/v2\/tags?post=21338"}],"curies":[{"name":"wp","href":"https:\/\/api.w.org\/{rel}","templated":true}]}}