{"id":21334,"date":"2025-07-24T13:57:43","date_gmt":"2025-07-24T16:57:43","guid":{"rendered":"https:\/\/blogdodanielgalvao.com.br\/site\/?p=21334"},"modified":"2025-07-24T13:57:43","modified_gmt":"2025-07-24T16:57:43","slug":"teatro-firjan-sesi-macae-sera-palco-do-show-soturna-de-thati-dias","status":"publish","type":"post","link":"https:\/\/blogdodanielgalvao.com.br\/site\/teatro-firjan-sesi-macae-sera-palco-do-show-soturna-de-thati-dias\/","title":{"rendered":"Teatro Firjan SESI Maca\u00e9 ser\u00e1 palco do show &#8220;Soturna&#8221;, de Thati Dias"},"content":{"rendered":"<p>Na pr\u00f3xima sexta-feira, 25 de julho, \u00e0s 20h, o Teatro Firjan SESI Maca\u00e9 ser\u00e1 palco do show &#8220;Soturna&#8221;, da cantora e compositora fluminense Thati Dias. A apresenta\u00e7\u00e3o, marcada por intensidade, sensibilidade e contemporaneidade, promete emocionar o p\u00fablico com um repert\u00f3rio autoral profundo e reflexivo.<\/p>\n<p>Os ingressos est\u00e3o dispon\u00edveis para compra pela plataforma Sympla ou diretamente no atendimento da unidade Firjan SESI Maca\u00e9, de segunda a sexta-feira, das 8h \u00e0s 19h45.<\/p>\n<p>Baseado no \u00e1lbum hom\u00f4nimo, o espet\u00e1culo prop\u00f5e uma verdadeira imers\u00e3o sonora e emocional, explorando temas como sa\u00fade mental e rela\u00e7\u00f5es sociais por meio de uma est\u00e9tica musical que passeia por R&amp;B, Jazz, MPB e Soul. Combinando beats, samples e instrumentos org\u00e2nicos, \u201cSoturna\u201d cria uma atmosfera envolvente e rica em texturas.<\/p>\n<p>Natural de Maca\u00e9, Thati Dias ser\u00e1 acompanhada por um talentoso trio de m\u00fasicos: Diogo Spadaro (guitarra e beats), Matheus Campos (contrabaixo) e Denisson Caminha (bateria). Juntos, eles entregam uma performance marcada pela pot\u00eancia vocal, lirismo e uma forte presen\u00e7a c\u00eanica.<\/p>\n<p>Com classifica\u00e7\u00e3o livre, o show \u00e9 indicado para todos que apreciam a for\u00e7a da nova m\u00fasica brasileira e desejam viver uma experi\u00eancia art\u00edstica capaz de provocar reflex\u00e3o e conex\u00e3o por meio da arte.<\/p>\n","protected":false},"excerpt":{"rendered":"<p>Na pr\u00f3xima sexta-feira, 25 de julho, \u00e0s 20h, o Teatro Firjan SESI Maca\u00e9 ser\u00e1 palco do show &#8220;Soturna&#8221;, da cantora e compositora fluminense Thati Dias. A apresenta\u00e7\u00e3o, marcada por intensidade, sensibilidade e contemporaneidade, promete emocionar o p\u00fablico com um repert\u00f3rio autoral profundo e reflexivo. Os ingressos est\u00e3o dispon\u00edveis para compra pela plataforma Sympla ou diretamente [&hellip;]<\/p>\n","protected":false},"author":2,"featured_media":21335,"comment_status":"open","ping_status":"open","sticky":true,"template":"","format":"standard","meta":{"footnotes":""},"categories":[2],"tags":[98,2893,2895,2894],"class_list":["post-21334","post","type-post","status-publish","format-standard","has-post-thumbnail","hentry","category-macae","tag-macae","tag-show-soturna","tag-teatro-firjan-sesi","tag-thati-dias"],"_links":{"self":[{"href":"https:\/\/blogdodanielgalvao.com.br\/site\/wp-json\/wp\/v2\/posts\/21334","targetHints":{"allow":["GET"]}}],"collection":[{"href":"https:\/\/blogdodanielgalvao.com.br\/site\/wp-json\/wp\/v2\/posts"}],"about":[{"href":"https:\/\/blogdodanielgalvao.com.br\/site\/wp-json\/wp\/v2\/types\/post"}],"author":[{"embeddable":true,"href":"https:\/\/blogdodanielgalvao.com.br\/site\/wp-json\/wp\/v2\/users\/2"}],"replies":[{"embeddable":true,"href":"https:\/\/blogdodanielgalvao.com.br\/site\/wp-json\/wp\/v2\/comments?post=21334"}],"version-history":[{"count":1,"href":"https:\/\/blogdodanielgalvao.com.br\/site\/wp-json\/wp\/v2\/posts\/21334\/revisions"}],"predecessor-version":[{"id":21336,"href":"https:\/\/blogdodanielgalvao.com.br\/site\/wp-json\/wp\/v2\/posts\/21334\/revisions\/21336"}],"wp:featuredmedia":[{"embeddable":true,"href":"https:\/\/blogdodanielgalvao.com.br\/site\/wp-json\/wp\/v2\/media\/21335"}],"wp:attachment":[{"href":"https:\/\/blogdodanielgalvao.com.br\/site\/wp-json\/wp\/v2\/media?parent=21334"}],"wp:term":[{"taxonomy":"category","embeddable":true,"href":"https:\/\/blogdodanielgalvao.com.br\/site\/wp-json\/wp\/v2\/categories?post=21334"},{"taxonomy":"post_tag","embeddable":true,"href":"https:\/\/blogdodanielgalvao.com.br\/site\/wp-json\/wp\/v2\/tags?post=21334"}],"curies":[{"name":"wp","href":"https:\/\/api.w.org\/{rel}","templated":true}]}}