{"id":21331,"date":"2025-07-24T13:30:20","date_gmt":"2025-07-24T16:30:20","guid":{"rendered":"https:\/\/blogdodanielgalvao.com.br\/site\/?p=21331"},"modified":"2025-07-24T13:30:20","modified_gmt":"2025-07-24T16:30:20","slug":"preco-do-abandono-rio-das-ostras-investe-em-reparos-de-ruas-desgastadas-pela-falta-de-manutencao","status":"publish","type":"post","link":"https:\/\/blogdodanielgalvao.com.br\/site\/preco-do-abandono-rio-das-ostras-investe-em-reparos-de-ruas-desgastadas-pela-falta-de-manutencao\/","title":{"rendered":"Pre\u00e7o do abandono: Rio das Ostras investe em reparos de ruas desgastadas pela falta de manuten\u00e7\u00e3o"},"content":{"rendered":"<p>A Prefeitura de Rio das Ostras voltou a refor\u00e7ar as a\u00e7\u00f5es de servi\u00e7os p\u00fablicos realizadas no munic\u00edpio nessa semana, com mutir\u00f5es de reparos de vias asfaltadas, visando a melhoria da malha vi\u00e1ria, com seguran\u00e7a e acessibilidade ao tr\u00e1fego de ve\u00edculos.<\/p>\n<p>Seguindo o cronograma anunciado na semana passada, as equipes de Servi\u00e7os P\u00fablicos, da Secretaria de Manuten\u00e7\u00e3o de Infraestrutura Urbana e Obras P\u00fablicas, promoveram melhorias nos bairros Nova Cidade, Novo Rio das Ostras e Recanto.<\/p>\n<p>De acordo com o subsecret\u00e1rio de Servi\u00e7os P\u00fablicos, Diogo Azevedo, as a\u00e7\u00f5es v\u00eam reparando vias que estavam sem manuten\u00e7\u00e3o, v\u00edtimas do abandono de gest\u00f5es anteriores, que deixaram que as ruas se degradassem.<\/p>\n<p>\u201cA malha vi\u00e1ria pavimentada do munic\u00edpio apresenta desgaste em diversos pontos, sobretudo pela falta de manuten\u00e7\u00e3o cont\u00ednua nos \u00faltimos anos. A exemplo da Rodovia do Contorno, a Subsecretaria de Servi\u00e7os P\u00fablicos vem atuando de forma estrat\u00e9gica, tamb\u00e9m dentro das localidades, visando proporcionar maior seguran\u00e7a e conforto aos usu\u00e1rios\u201d, explicou Diogo Azevedo.<\/p>\n<p>Segundo a prefeitura, os servi\u00e7os consistem na remo\u00e7\u00e3o do trecho deteriorado, tratamento da base, e recomposi\u00e7\u00e3o do pavimento, seguindo um cronograma que prev\u00ea a\u00e7\u00f5es em diversos bairros e localidades da cidade ao longo das pr\u00f3ximas semanas.<\/p>\n","protected":false},"excerpt":{"rendered":"<p>A Prefeitura de Rio das Ostras voltou a refor\u00e7ar as a\u00e7\u00f5es de servi\u00e7os p\u00fablicos realizadas no munic\u00edpio nessa semana, com mutir\u00f5es de reparos de vias asfaltadas, visando a melhoria da malha vi\u00e1ria, com seguran\u00e7a e acessibilidade ao tr\u00e1fego de ve\u00edculos. Seguindo o cronograma anunciado na semana passada, as equipes de Servi\u00e7os P\u00fablicos, da Secretaria de [&hellip;]<\/p>\n","protected":false},"author":2,"featured_media":21332,"comment_status":"open","ping_status":"open","sticky":false,"template":"","format":"standard","meta":{"footnotes":""},"categories":[4],"tags":[],"class_list":["post-21331","post","type-post","status-publish","format-standard","has-post-thumbnail","hentry","category-rio-das-ostras"],"_links":{"self":[{"href":"https:\/\/blogdodanielgalvao.com.br\/site\/wp-json\/wp\/v2\/posts\/21331","targetHints":{"allow":["GET"]}}],"collection":[{"href":"https:\/\/blogdodanielgalvao.com.br\/site\/wp-json\/wp\/v2\/posts"}],"about":[{"href":"https:\/\/blogdodanielgalvao.com.br\/site\/wp-json\/wp\/v2\/types\/post"}],"author":[{"embeddable":true,"href":"https:\/\/blogdodanielgalvao.com.br\/site\/wp-json\/wp\/v2\/users\/2"}],"replies":[{"embeddable":true,"href":"https:\/\/blogdodanielgalvao.com.br\/site\/wp-json\/wp\/v2\/comments?post=21331"}],"version-history":[{"count":1,"href":"https:\/\/blogdodanielgalvao.com.br\/site\/wp-json\/wp\/v2\/posts\/21331\/revisions"}],"predecessor-version":[{"id":21333,"href":"https:\/\/blogdodanielgalvao.com.br\/site\/wp-json\/wp\/v2\/posts\/21331\/revisions\/21333"}],"wp:featuredmedia":[{"embeddable":true,"href":"https:\/\/blogdodanielgalvao.com.br\/site\/wp-json\/wp\/v2\/media\/21332"}],"wp:attachment":[{"href":"https:\/\/blogdodanielgalvao.com.br\/site\/wp-json\/wp\/v2\/media?parent=21331"}],"wp:term":[{"taxonomy":"category","embeddable":true,"href":"https:\/\/blogdodanielgalvao.com.br\/site\/wp-json\/wp\/v2\/categories?post=21331"},{"taxonomy":"post_tag","embeddable":true,"href":"https:\/\/blogdodanielgalvao.com.br\/site\/wp-json\/wp\/v2\/tags?post=21331"}],"curies":[{"name":"wp","href":"https:\/\/api.w.org\/{rel}","templated":true}]}}