{"id":21327,"date":"2025-07-24T12:43:41","date_gmt":"2025-07-24T15:43:41","guid":{"rendered":"https:\/\/blogdodanielgalvao.com.br\/site\/?p=21327"},"modified":"2025-07-24T12:43:41","modified_gmt":"2025-07-24T15:43:41","slug":"operacao-especial-de-trafego-sera-realizada-em-macae-na-expo-2025","status":"publish","type":"post","link":"https:\/\/blogdodanielgalvao.com.br\/site\/operacao-especial-de-trafego-sera-realizada-em-macae-na-expo-2025\/","title":{"rendered":"Opera\u00e7\u00e3o especial de tr\u00e1fego ser\u00e1 realizada em Maca\u00e9 na Expo 2025"},"content":{"rendered":"<p>Com o intuito de garantir a fluidez do tr\u00e1fego de ve\u00edculos e tamb\u00e9m a seguran\u00e7a dos pedestres, a Mobilidade Urbana informou que ir\u00e1 adotar uma opera\u00e7\u00e3o especial no entorno do Parque de Exposi\u00e7\u00f5es Latiff Mussi Ramos. A a\u00e7\u00e3o ir\u00e1 durar durante os seis dias da Expo Maca\u00e9 2025.<\/p>\n<p>A primeira a\u00e7\u00e3o ser\u00e1 realizada j\u00e1 na Rodovia Amaral Peixoto (RJ-106) em frente do Parque de Exposi\u00e7\u00f5es no sentido Centro. Por determina\u00e7\u00e3o da Mobilidade Urbana, a via auxiliar ser\u00e1 destinada somente para o tr\u00e2nsito de \u00f4nibus e t\u00e1xis. Dessa forma, o tr\u00e1fego normal de ve\u00edculos ser\u00e1 realizado somente pela pista central.<\/p>\n<p>A determina\u00e7\u00e3o vale tamb\u00e9m para motoristas de aplicativo, que dever\u00e3o utilizar apenas a \u00e1rea reservada e somente para embarque e desembarque de passageiros, do lado direito da Rodovia Amaral Peixoto. O trecho estar\u00e1 devidamente sinalizado.<\/p>\n<p>A Mobilidade ir\u00e1 designar tamb\u00e9m agentes de tr\u00e2nsito, que ficar\u00e3o posicionados na bifurca\u00e7\u00e3o em frente ao Centro de Conven\u00e7\u00f5es Jornalista Roberto Marinho e nos principais pontos de acesso ao parque, orientando os motoristas e auxiliando na travessia de pedestres. Tamb\u00e9m ser\u00e3o instaladas sinaliza\u00e7\u00f5es auxiliares para refor\u00e7ar a seguran\u00e7a e organiza\u00e7\u00e3o do tr\u00e1fego.<\/p>\n<p>O acesso pela Rodovia Amaral Peixoto para a Rua Ant\u00f4nio Ces\u00e1rio, ao lado do Parque de Exposi\u00e7\u00f5es, estar\u00e1 bloqueado para acesso ao S\u00e3o Jos\u00e9 do Barreto, que ser\u00e1 feito pela Rua Jos\u00e9 Recoder (Techint).<\/p>\n<p>A Secretaria de Mobilidade Urbana recomenda que o p\u00fablico utilize preferencialmente transporte coletivo (que funcionar\u00e1 24 horas), t\u00e1xis ou ve\u00edculos de aplicativo, contribuindo para a redu\u00e7\u00e3o do fluxo de ve\u00edculos e maior agilidade nos deslocamentos.<\/p>\n","protected":false},"excerpt":{"rendered":"<p>Com o intuito de garantir a fluidez do tr\u00e1fego de ve\u00edculos e tamb\u00e9m a seguran\u00e7a dos pedestres, a Mobilidade Urbana informou que ir\u00e1 adotar uma opera\u00e7\u00e3o especial no entorno do Parque de Exposi\u00e7\u00f5es Latiff Mussi Ramos. A a\u00e7\u00e3o ir\u00e1 durar durante os seis dias da Expo Maca\u00e9 2025. A primeira a\u00e7\u00e3o ser\u00e1 realizada j\u00e1 na [&hellip;]<\/p>\n","protected":false},"author":2,"featured_media":21328,"comment_status":"open","ping_status":"open","sticky":true,"template":"","format":"standard","meta":{"footnotes":""},"categories":[1],"tags":[],"class_list":["post-21327","post","type-post","status-publish","format-standard","has-post-thumbnail","hentry","category-sem-categoria"],"_links":{"self":[{"href":"https:\/\/blogdodanielgalvao.com.br\/site\/wp-json\/wp\/v2\/posts\/21327","targetHints":{"allow":["GET"]}}],"collection":[{"href":"https:\/\/blogdodanielgalvao.com.br\/site\/wp-json\/wp\/v2\/posts"}],"about":[{"href":"https:\/\/blogdodanielgalvao.com.br\/site\/wp-json\/wp\/v2\/types\/post"}],"author":[{"embeddable":true,"href":"https:\/\/blogdodanielgalvao.com.br\/site\/wp-json\/wp\/v2\/users\/2"}],"replies":[{"embeddable":true,"href":"https:\/\/blogdodanielgalvao.com.br\/site\/wp-json\/wp\/v2\/comments?post=21327"}],"version-history":[{"count":1,"href":"https:\/\/blogdodanielgalvao.com.br\/site\/wp-json\/wp\/v2\/posts\/21327\/revisions"}],"predecessor-version":[{"id":21329,"href":"https:\/\/blogdodanielgalvao.com.br\/site\/wp-json\/wp\/v2\/posts\/21327\/revisions\/21329"}],"wp:featuredmedia":[{"embeddable":true,"href":"https:\/\/blogdodanielgalvao.com.br\/site\/wp-json\/wp\/v2\/media\/21328"}],"wp:attachment":[{"href":"https:\/\/blogdodanielgalvao.com.br\/site\/wp-json\/wp\/v2\/media?parent=21327"}],"wp:term":[{"taxonomy":"category","embeddable":true,"href":"https:\/\/blogdodanielgalvao.com.br\/site\/wp-json\/wp\/v2\/categories?post=21327"},{"taxonomy":"post_tag","embeddable":true,"href":"https:\/\/blogdodanielgalvao.com.br\/site\/wp-json\/wp\/v2\/tags?post=21327"}],"curies":[{"name":"wp","href":"https:\/\/api.w.org\/{rel}","templated":true}]}}