{"id":21324,"date":"2025-07-24T12:28:44","date_gmt":"2025-07-24T15:28:44","guid":{"rendered":"https:\/\/blogdodanielgalvao.com.br\/site\/?p=21324"},"modified":"2025-07-24T12:28:44","modified_gmt":"2025-07-24T15:28:44","slug":"daniela-soares-se-reune-com-secretarios-estaduais-de-educacao-e-da-pm-do-rio","status":"publish","type":"post","link":"https:\/\/blogdodanielgalvao.com.br\/site\/daniela-soares-se-reune-com-secretarios-estaduais-de-educacao-e-da-pm-do-rio\/","title":{"rendered":"Daniela Soares se re\u00fane com secret\u00e1rios estaduais de Educa\u00e7\u00e3o e da PM do Rio"},"content":{"rendered":"<p>A prefeita de Araruama, Daniela Soares (PL), esteve no Rio de Janeiro nessa semana, refor\u00e7ando o pedido pela implanta\u00e7\u00e3o de um Batalh\u00e3o da Pol\u00edcia Militar (BPM) no munic\u00edpio, ap\u00f3s o an\u00fancio feito pelo governador Cl\u00e1udio Castro (PL) durante um evento do governo estadual em Cabo Frio.<\/p>\n<p>Durante a agenda na capital fluminense, a gestora se reuniu com autoridades estaduais, como o secret\u00e1rio estadual de Pol\u00edcia Militar, coronel Marcelo de Menezes, a secret\u00e1ria estadual de Educa\u00e7\u00e3o, Roberta Barreto, e o deputado estadual de Saquarema, Dr. Pedro Ricardo (PP).<\/p>\n<p>No encontro com a secret\u00e1ria Roberta Barreto, a prefeita debateu a\u00e7\u00f5es para ampliar o acesso \u00e0 educa\u00e7\u00e3o de qualidade, atrair novos investimentos e implementar melhorias concretas na rede p\u00fablica de ensino no munic\u00edpio.<\/p>\n<p>J\u00e1 na reuni\u00e3o com o coronel Marcelo de Menezes, no Quartel General da PM, a pauta foi a viabiliza\u00e7\u00e3o da cria\u00e7\u00e3o do BPM em Araruama, refor\u00e7ando a import\u00e2ncia da seguran\u00e7a p\u00fablica e da presen\u00e7a das for\u00e7as de prote\u00e7\u00e3o no munic\u00edpio.<\/p>\n<p>\u201cSeguimos firmes no compromisso de fortalecer a educa\u00e7\u00e3o e a seguran\u00e7a em Araruama, em parceria com o Governo do Estado, buscando sempre melhorias concretas para a popula\u00e7\u00e3o\u201d, contou Daniela Soares.<\/p>\n<p>De acordo com a prefeitura, as reuni\u00f5es ressaltam o trabalho realizado pela atual gest\u00e3o junto ao governo estadual visando garantir avan\u00e7os efetivos em \u00e1reas consideradas essenciais para a melhoria da qualidade de vida da popula\u00e7\u00e3o.<\/p>\n","protected":false},"excerpt":{"rendered":"<p>A prefeita de Araruama, Daniela Soares (PL), esteve no Rio de Janeiro nessa semana, refor\u00e7ando o pedido pela implanta\u00e7\u00e3o de um Batalh\u00e3o da Pol\u00edcia Militar (BPM) no munic\u00edpio, ap\u00f3s o an\u00fancio feito pelo governador Cl\u00e1udio Castro (PL) durante um evento do governo estadual em Cabo Frio. Durante a agenda na capital fluminense, a gestora se [&hellip;]<\/p>\n","protected":false},"author":2,"featured_media":21325,"comment_status":"open","ping_status":"open","sticky":true,"template":"","format":"standard","meta":{"footnotes":""},"categories":[208],"tags":[1896],"class_list":["post-21324","post","type-post","status-publish","format-standard","has-post-thumbnail","hentry","category-araruama","tag-destaque"],"_links":{"self":[{"href":"https:\/\/blogdodanielgalvao.com.br\/site\/wp-json\/wp\/v2\/posts\/21324","targetHints":{"allow":["GET"]}}],"collection":[{"href":"https:\/\/blogdodanielgalvao.com.br\/site\/wp-json\/wp\/v2\/posts"}],"about":[{"href":"https:\/\/blogdodanielgalvao.com.br\/site\/wp-json\/wp\/v2\/types\/post"}],"author":[{"embeddable":true,"href":"https:\/\/blogdodanielgalvao.com.br\/site\/wp-json\/wp\/v2\/users\/2"}],"replies":[{"embeddable":true,"href":"https:\/\/blogdodanielgalvao.com.br\/site\/wp-json\/wp\/v2\/comments?post=21324"}],"version-history":[{"count":1,"href":"https:\/\/blogdodanielgalvao.com.br\/site\/wp-json\/wp\/v2\/posts\/21324\/revisions"}],"predecessor-version":[{"id":21326,"href":"https:\/\/blogdodanielgalvao.com.br\/site\/wp-json\/wp\/v2\/posts\/21324\/revisions\/21326"}],"wp:featuredmedia":[{"embeddable":true,"href":"https:\/\/blogdodanielgalvao.com.br\/site\/wp-json\/wp\/v2\/media\/21325"}],"wp:attachment":[{"href":"https:\/\/blogdodanielgalvao.com.br\/site\/wp-json\/wp\/v2\/media?parent=21324"}],"wp:term":[{"taxonomy":"category","embeddable":true,"href":"https:\/\/blogdodanielgalvao.com.br\/site\/wp-json\/wp\/v2\/categories?post=21324"},{"taxonomy":"post_tag","embeddable":true,"href":"https:\/\/blogdodanielgalvao.com.br\/site\/wp-json\/wp\/v2\/tags?post=21324"}],"curies":[{"name":"wp","href":"https:\/\/api.w.org\/{rel}","templated":true}]}}