{"id":21319,"date":"2025-07-24T12:14:09","date_gmt":"2025-07-24T15:14:09","guid":{"rendered":"https:\/\/blogdodanielgalvao.com.br\/site\/?p=21319"},"modified":"2025-07-24T12:14:09","modified_gmt":"2025-07-24T15:14:09","slug":"projeto-reaproveita-lonas-e-impulsiona-economia-circular-na-cabo-frio","status":"publish","type":"post","link":"https:\/\/blogdodanielgalvao.com.br\/site\/projeto-reaproveita-lonas-e-impulsiona-economia-circular-na-cabo-frio\/","title":{"rendered":"Projeto reaproveita lonas e impulsiona economia circular na Cabo Frio"},"content":{"rendered":"<p>Uma nova medida adotada pela Prefeitura de Cabo Frio est\u00e1 dando um destino inteligente e ecol\u00f3gico \u00e0s lonas usadas em eventos p\u00fablicos. Em vez de virarem lixo, esses materiais agora s\u00e3o reciclados e transformados em itens \u00fateis, como bancos e lixeiras, que ser\u00e3o instalados em pra\u00e7as e outros espa\u00e7os p\u00fablicos.<\/p>\n<p>A proposta \u00e9 fruto de uma parceria entre a Secretaria de Meio Ambiente, Saneamento e Clima, e as pastas de Turismo e Eventos. O reaproveitamento faz parte de uma estrat\u00e9gia de sustentabilidade e refor\u00e7a o compromisso com a economia circular. O secret\u00e1rio da pasta ambiental, Jailton Nogueira, pontuou que \u201ca a\u00e7\u00e3o reduz o impacto ambiental do descarte inadequado e valoriza o reuso como ferramenta de gest\u00e3o respons\u00e1vel\u201d.<\/p>\n<p>O trabalho conta ainda com a atua\u00e7\u00e3o direta da Equipe Verde da Secretaria, que conduz o projeto com foco em inova\u00e7\u00e3o, preserva\u00e7\u00e3o e cuidado com o ambiente urbano. As lonas recolhidas passam por um processo de reciclagem em parceria com uma empresa especializada da regi\u00e3o Sul do pa\u00eds.<\/p>\n<p>Al\u00e9m de virar mobili\u00e1rio urbano, o material pode ser reaproveitado de diversas outras formas. Em outras cidades, j\u00e1 s\u00e3o comuns as transforma\u00e7\u00f5es dessas lonas em bolsas, mochilas, capas protetoras, tapetes externos, toldos reutiliz\u00e1veis e at\u00e9 pe\u00e7as de artesanato.<\/p>\n<p>Segundo Jailton, esse tipo de reaproveitamento demonstra como solu\u00e7\u00f5es simples podem gerar impacto positivo: \u201cEssas alternativas mostram o potencial de transformar res\u00edduos em produtos \u00fateis, alinhados aos princ\u00edpios da sustentabilidade e da economia circular\u201d.<\/p>\n<p>A iniciativa integra o Programa Cabo Frio Educada e refor\u00e7a uma pol\u00edtica p\u00fablica voltada para a educa\u00e7\u00e3o ambiental, inova\u00e7\u00e3o urbana e gest\u00e3o de res\u00edduos com responsabilidade\u00a0social.<\/p>\n","protected":false},"excerpt":{"rendered":"<p>Uma nova medida adotada pela Prefeitura de Cabo Frio est\u00e1 dando um destino inteligente e ecol\u00f3gico \u00e0s lonas usadas em eventos p\u00fablicos. Em vez de virarem lixo, esses materiais agora s\u00e3o reciclados e transformados em itens \u00fateis, como bancos e lixeiras, que ser\u00e3o instalados em pra\u00e7as e outros espa\u00e7os p\u00fablicos. A proposta \u00e9 fruto de [&hellip;]<\/p>\n","protected":false},"author":2,"featured_media":21320,"comment_status":"open","ping_status":"open","sticky":true,"template":"","format":"standard","meta":{"footnotes":""},"categories":[340],"tags":[1896],"class_list":["post-21319","post","type-post","status-publish","format-standard","has-post-thumbnail","hentry","category-cabo-frio","tag-destaque"],"_links":{"self":[{"href":"https:\/\/blogdodanielgalvao.com.br\/site\/wp-json\/wp\/v2\/posts\/21319","targetHints":{"allow":["GET"]}}],"collection":[{"href":"https:\/\/blogdodanielgalvao.com.br\/site\/wp-json\/wp\/v2\/posts"}],"about":[{"href":"https:\/\/blogdodanielgalvao.com.br\/site\/wp-json\/wp\/v2\/types\/post"}],"author":[{"embeddable":true,"href":"https:\/\/blogdodanielgalvao.com.br\/site\/wp-json\/wp\/v2\/users\/2"}],"replies":[{"embeddable":true,"href":"https:\/\/blogdodanielgalvao.com.br\/site\/wp-json\/wp\/v2\/comments?post=21319"}],"version-history":[{"count":1,"href":"https:\/\/blogdodanielgalvao.com.br\/site\/wp-json\/wp\/v2\/posts\/21319\/revisions"}],"predecessor-version":[{"id":21321,"href":"https:\/\/blogdodanielgalvao.com.br\/site\/wp-json\/wp\/v2\/posts\/21319\/revisions\/21321"}],"wp:featuredmedia":[{"embeddable":true,"href":"https:\/\/blogdodanielgalvao.com.br\/site\/wp-json\/wp\/v2\/media\/21320"}],"wp:attachment":[{"href":"https:\/\/blogdodanielgalvao.com.br\/site\/wp-json\/wp\/v2\/media?parent=21319"}],"wp:term":[{"taxonomy":"category","embeddable":true,"href":"https:\/\/blogdodanielgalvao.com.br\/site\/wp-json\/wp\/v2\/categories?post=21319"},{"taxonomy":"post_tag","embeddable":true,"href":"https:\/\/blogdodanielgalvao.com.br\/site\/wp-json\/wp\/v2\/tags?post=21319"}],"curies":[{"name":"wp","href":"https:\/\/api.w.org\/{rel}","templated":true}]}}