{"id":21314,"date":"2025-07-24T11:57:27","date_gmt":"2025-07-24T14:57:27","guid":{"rendered":"https:\/\/blogdodanielgalvao.com.br\/site\/?p=21314"},"modified":"2025-07-24T11:57:27","modified_gmt":"2025-07-24T14:57:27","slug":"construcao-do-plaza-marica-shopping-deve-ter-inicio-ainda-em-2025","status":"publish","type":"post","link":"https:\/\/blogdodanielgalvao.com.br\/site\/construcao-do-plaza-marica-shopping-deve-ter-inicio-ainda-em-2025\/","title":{"rendered":"Constru\u00e7\u00e3o do Plaza Maric\u00e1 Shopping deve ter in\u00edcio ainda em 2025"},"content":{"rendered":"<p>O prefeito de Maric\u00e1, Washington Quaqu\u00e1 (PT), anunciou, nessa semana, que as obras do Plaza Maric\u00e1 Shopping t\u00eam previs\u00e3o de in\u00edcio ainda em 2025, durante uma reuni\u00e3o que serviu para a apresenta\u00e7\u00e3o do projeto.<\/p>\n<p>O evento aconteceu na sede da Companhia de Desenvolvimento de Maric\u00e1 (Codemar), e contou com a presen\u00e7a do empres\u00e1rio S\u00e9rgio Brand\u00e3o Marins, s\u00f3cio da SGGC Participa\u00e7\u00f5es, que ser\u00e1 respons\u00e1vel pelo desenvolvimento do empreendimento.<\/p>\n<p>Inicialmente lan\u00e7ado em 2014, o projeto foi apresentado ao prefeito com a expectativa de gerar 3 mil empregos diretos no munic\u00edpio, alavancando a economia, e refor\u00e7ando a pol\u00edtica proposta pela atual gest\u00e3o.<\/p>\n<p>Segundo o prefeito, o munic\u00edpio ser\u00e1 s\u00f3cio do empreendimento, investindo 300 milh\u00f5es de reais na constru\u00e7\u00e3o do shopping, com a previs\u00e3o de venda para a iniciativa privada de parte do poder p\u00fablico, que manter\u00e1 uma fatia do neg\u00f3cio.<\/p>\n<p>\u201cA constru\u00e7\u00e3o representa a concretiza\u00e7\u00e3o de um importante anseio de Maric\u00e1, que impulsionar\u00e1 o desenvolvimento local. A expectativa \u00e9 que os recursos financeiros gastos em shoppings fora da cidade passem a ser direcionados para o com\u00e9rcio local, gerando empregos e oportunidades para a nossa popula\u00e7\u00e3o. Estou muito satisfeito com o in\u00edcio desse projeto\u201d, afirmou Quaqu\u00e1.<\/p>\n<p>De acordo com a prefeitura, o Plaza Maric\u00e1 Shopping ter\u00e1 32 mil metros quadrados (m\u00b2) de \u00e1rea total, sendo 20.800 m\u00b2 de \u00e1rea bruta loc\u00e1vel (ABL), com duas megalojas e outras 94 sat\u00e9lites, com 1.000 vagas de estacionamento previstas, al\u00e9m de pra\u00e7a de alimenta\u00e7\u00e3o e salas de cinema.<\/p>\n<p>Segundo avalia\u00e7\u00e3o da SGGC Participa\u00e7\u00f5es, o local deve abrigar ainda cerca de 100 opera\u00e7\u00f5es comerciais, bem como um parque de divers\u00f5es com 1.000 m\u00b2, com a expectativa de atrair entre 5 mil e 6 mil visitantes por dia.<br \/>\n\u201cO Plaza Maric\u00e1 Shopping visa n\u00e3o s\u00f3 transformar o cen\u00e1rio comercial da cidade, mas tamb\u00e9m impulsionar o setor de servi\u00e7os e o turismo, consolidando Maric\u00e1 como um polo de desenvolvimento na Regi\u00e3o Metropolitana do Rio de Janeiro\u201d, completou o munic\u00edpio.<\/p>\n","protected":false},"excerpt":{"rendered":"<p>O prefeito de Maric\u00e1, Washington Quaqu\u00e1 (PT), anunciou, nessa semana, que as obras do Plaza Maric\u00e1 Shopping t\u00eam previs\u00e3o de in\u00edcio ainda em 2025, durante uma reuni\u00e3o que serviu para a apresenta\u00e7\u00e3o do projeto. O evento aconteceu na sede da Companhia de Desenvolvimento de Maric\u00e1 (Codemar), e contou com a presen\u00e7a do empres\u00e1rio S\u00e9rgio Brand\u00e3o [&hellip;]<\/p>\n","protected":false},"author":2,"featured_media":21315,"comment_status":"open","ping_status":"open","sticky":true,"template":"","format":"standard","meta":{"footnotes":""},"categories":[299],"tags":[1896],"class_list":["post-21314","post","type-post","status-publish","format-standard","has-post-thumbnail","hentry","category-marica","tag-destaque"],"_links":{"self":[{"href":"https:\/\/blogdodanielgalvao.com.br\/site\/wp-json\/wp\/v2\/posts\/21314","targetHints":{"allow":["GET"]}}],"collection":[{"href":"https:\/\/blogdodanielgalvao.com.br\/site\/wp-json\/wp\/v2\/posts"}],"about":[{"href":"https:\/\/blogdodanielgalvao.com.br\/site\/wp-json\/wp\/v2\/types\/post"}],"author":[{"embeddable":true,"href":"https:\/\/blogdodanielgalvao.com.br\/site\/wp-json\/wp\/v2\/users\/2"}],"replies":[{"embeddable":true,"href":"https:\/\/blogdodanielgalvao.com.br\/site\/wp-json\/wp\/v2\/comments?post=21314"}],"version-history":[{"count":1,"href":"https:\/\/blogdodanielgalvao.com.br\/site\/wp-json\/wp\/v2\/posts\/21314\/revisions"}],"predecessor-version":[{"id":21316,"href":"https:\/\/blogdodanielgalvao.com.br\/site\/wp-json\/wp\/v2\/posts\/21314\/revisions\/21316"}],"wp:featuredmedia":[{"embeddable":true,"href":"https:\/\/blogdodanielgalvao.com.br\/site\/wp-json\/wp\/v2\/media\/21315"}],"wp:attachment":[{"href":"https:\/\/blogdodanielgalvao.com.br\/site\/wp-json\/wp\/v2\/media?parent=21314"}],"wp:term":[{"taxonomy":"category","embeddable":true,"href":"https:\/\/blogdodanielgalvao.com.br\/site\/wp-json\/wp\/v2\/categories?post=21314"},{"taxonomy":"post_tag","embeddable":true,"href":"https:\/\/blogdodanielgalvao.com.br\/site\/wp-json\/wp\/v2\/tags?post=21314"}],"curies":[{"name":"wp","href":"https:\/\/api.w.org\/{rel}","templated":true}]}}