{"id":21191,"date":"2025-07-21T17:16:07","date_gmt":"2025-07-21T20:16:07","guid":{"rendered":"https:\/\/blogdodanielgalvao.com.br\/site\/?p=21191"},"modified":"2025-07-21T17:16:07","modified_gmt":"2025-07-21T20:16:07","slug":"feira-em-arraial-une-arte-local-turismo-e-conscientizacao-ambiental","status":"publish","type":"post","link":"https:\/\/blogdodanielgalvao.com.br\/site\/feira-em-arraial-une-arte-local-turismo-e-conscientizacao-ambiental\/","title":{"rendered":"Feira em Arraial une arte local, turismo e conscientiza\u00e7\u00e3o ambiental"},"content":{"rendered":"<p>A tradicional Feira Tur\u00edstica e Cultural da Massambaba est\u00e1 de volta com uma edi\u00e7\u00e3o especial neste s\u00e1bado (26), a partir das 17h, na Pra\u00e7a Maria Perez, no distrito de Monte Alto, em Arraial do Cabo. O evento promete movimentar a cena cultural da cidade com m\u00fasica ao vivo, gastronomia e atividades voltadas para o turismo e o empreendedorismo local.<\/p>\n<p>Nesta edi\u00e7\u00e3o, o som do pagode vai tomar conta do palco com shows do cantor Arthur Pimenta e dos grupos Balaco Baco e 22 Minutos no Cora\u00e7\u00e3o, garantindo a anima\u00e7\u00e3o do p\u00fablico durante toda a noite.<\/p>\n<p>Al\u00e9m das barracas de artesanato, comidas t\u00edpicas e manifesta\u00e7\u00f5es culturais, a programa\u00e7\u00e3o contar\u00e1 com uma exposi\u00e7\u00e3o especial promovida pela Funtec Ambiental, abordando a temporada de baleias e a import\u00e2ncia da conserva\u00e7\u00e3o marinha na regi\u00e3o.<\/p>\n<p>A iniciativa conta com apoio do Governo do Estado do Rio de Janeiro, TurisRio, Prefeitura de Arraial do Cabo e Secretaria Municipal de Turismo, fortalecendo a proposta de alavancar a economia criativa e valorizar os pequenos produtores e artistas locais.<\/p>\n<p>A feira \u00e9 gratuita e aberta \u00e0 popula\u00e7\u00e3o, sendo uma op\u00e7\u00e3o de lazer e integra\u00e7\u00e3o comunit\u00e1ria que refor\u00e7a o potencial tur\u00edstico e cultural do distrito\u00a0de\u00a0Monte\u00a0Alto.<\/p>\n","protected":false},"excerpt":{"rendered":"<p>A tradicional Feira Tur\u00edstica e Cultural da Massambaba est\u00e1 de volta com uma edi\u00e7\u00e3o especial neste s\u00e1bado (26), a partir das 17h, na Pra\u00e7a Maria Perez, no distrito de Monte Alto, em Arraial do Cabo. O evento promete movimentar a cena cultural da cidade com m\u00fasica ao vivo, gastronomia e atividades voltadas para o turismo [&hellip;]<\/p>\n","protected":false},"author":2,"featured_media":21192,"comment_status":"open","ping_status":"open","sticky":true,"template":"","format":"standard","meta":{"footnotes":""},"categories":[838],"tags":[1896],"class_list":["post-21191","post","type-post","status-publish","format-standard","has-post-thumbnail","hentry","category-arraial-do-cabo","tag-destaque"],"_links":{"self":[{"href":"https:\/\/blogdodanielgalvao.com.br\/site\/wp-json\/wp\/v2\/posts\/21191","targetHints":{"allow":["GET"]}}],"collection":[{"href":"https:\/\/blogdodanielgalvao.com.br\/site\/wp-json\/wp\/v2\/posts"}],"about":[{"href":"https:\/\/blogdodanielgalvao.com.br\/site\/wp-json\/wp\/v2\/types\/post"}],"author":[{"embeddable":true,"href":"https:\/\/blogdodanielgalvao.com.br\/site\/wp-json\/wp\/v2\/users\/2"}],"replies":[{"embeddable":true,"href":"https:\/\/blogdodanielgalvao.com.br\/site\/wp-json\/wp\/v2\/comments?post=21191"}],"version-history":[{"count":1,"href":"https:\/\/blogdodanielgalvao.com.br\/site\/wp-json\/wp\/v2\/posts\/21191\/revisions"}],"predecessor-version":[{"id":21193,"href":"https:\/\/blogdodanielgalvao.com.br\/site\/wp-json\/wp\/v2\/posts\/21191\/revisions\/21193"}],"wp:featuredmedia":[{"embeddable":true,"href":"https:\/\/blogdodanielgalvao.com.br\/site\/wp-json\/wp\/v2\/media\/21192"}],"wp:attachment":[{"href":"https:\/\/blogdodanielgalvao.com.br\/site\/wp-json\/wp\/v2\/media?parent=21191"}],"wp:term":[{"taxonomy":"category","embeddable":true,"href":"https:\/\/blogdodanielgalvao.com.br\/site\/wp-json\/wp\/v2\/categories?post=21191"},{"taxonomy":"post_tag","embeddable":true,"href":"https:\/\/blogdodanielgalvao.com.br\/site\/wp-json\/wp\/v2\/tags?post=21191"}],"curies":[{"name":"wp","href":"https:\/\/api.w.org\/{rel}","templated":true}]}}