{"id":21186,"date":"2025-07-21T17:11:33","date_gmt":"2025-07-21T20:11:33","guid":{"rendered":"https:\/\/blogdodanielgalvao.com.br\/site\/?p=21186"},"modified":"2025-07-21T17:11:33","modified_gmt":"2025-07-21T20:11:33","slug":"rio-das-ostras-tem-548-vagas-disponiveis-no-banco-de-empregos","status":"publish","type":"post","link":"https:\/\/blogdodanielgalvao.com.br\/site\/rio-das-ostras-tem-548-vagas-disponiveis-no-banco-de-empregos\/","title":{"rendered":"Rio das Ostras tem 548 vagas dispon\u00edveis no Banco de Empregos"},"content":{"rendered":"<p>O Banco de Empregos de Rio das Ostras abriu a semana com 548 vagas abertas para contrata\u00e7\u00e3o imediata, com oportunidades para candidatos com ou sem experi\u00eancia, em diferentes n\u00edveis de escolaridade, e em v\u00e1rias \u00e1reas de atua\u00e7\u00e3o.<\/p>\n<p>Nessa segunda-feira, 21, o servi\u00e7o da prefeitura, que abriga vagas atrav\u00e9s de parceria com empresas e estabelecimentos comerciais da cidade, disponibiliza 548 postos de trabalho que podem ser consultados atrav\u00e9s do link, https:\/\/newsibem.riodasostras.rj.gov.br\/#\/vagas.<\/p>\n<p>Para se inscrever, basta comparecer de segunda a sexta-feira, das 8h \u00e0s 17h, ao Centro de Cidadania, na Rua das Casuarinas, 595, no \u00c2ncora, levando documento de identidade com foto, CPF, carteira de trabalho, que pode ser f\u00edsica ou digital, comprovante de resid\u00eancia atualizado, curr\u00edculo impresso e certificados de qualifica\u00e7\u00e3o profissional, caso possua.<\/p>\n<p>A prefeitura lembra que as vagas s\u00e3o atualizadas com frequ\u00eancia e contemplam diferentes perfis, desde jovens em busca do 1\u00ba emprego at\u00e9 trabalhadores com experi\u00eancia em \u00e1reas t\u00e9cnicas e operacionais.<\/p>\n","protected":false},"excerpt":{"rendered":"<p>O Banco de Empregos de Rio das Ostras abriu a semana com 548 vagas abertas para contrata\u00e7\u00e3o imediata, com oportunidades para candidatos com ou sem experi\u00eancia, em diferentes n\u00edveis de escolaridade, e em v\u00e1rias \u00e1reas de atua\u00e7\u00e3o. Nessa segunda-feira, 21, o servi\u00e7o da prefeitura, que abriga vagas atrav\u00e9s de parceria com empresas e estabelecimentos comerciais [&hellip;]<\/p>\n","protected":false},"author":2,"featured_media":21189,"comment_status":"open","ping_status":"open","sticky":true,"template":"","format":"standard","meta":{"footnotes":""},"categories":[2225],"tags":[],"class_list":["post-21186","post","type-post","status-publish","format-standard","has-post-thumbnail","hentry","category-emprego"],"_links":{"self":[{"href":"https:\/\/blogdodanielgalvao.com.br\/site\/wp-json\/wp\/v2\/posts\/21186","targetHints":{"allow":["GET"]}}],"collection":[{"href":"https:\/\/blogdodanielgalvao.com.br\/site\/wp-json\/wp\/v2\/posts"}],"about":[{"href":"https:\/\/blogdodanielgalvao.com.br\/site\/wp-json\/wp\/v2\/types\/post"}],"author":[{"embeddable":true,"href":"https:\/\/blogdodanielgalvao.com.br\/site\/wp-json\/wp\/v2\/users\/2"}],"replies":[{"embeddable":true,"href":"https:\/\/blogdodanielgalvao.com.br\/site\/wp-json\/wp\/v2\/comments?post=21186"}],"version-history":[{"count":1,"href":"https:\/\/blogdodanielgalvao.com.br\/site\/wp-json\/wp\/v2\/posts\/21186\/revisions"}],"predecessor-version":[{"id":21190,"href":"https:\/\/blogdodanielgalvao.com.br\/site\/wp-json\/wp\/v2\/posts\/21186\/revisions\/21190"}],"wp:featuredmedia":[{"embeddable":true,"href":"https:\/\/blogdodanielgalvao.com.br\/site\/wp-json\/wp\/v2\/media\/21189"}],"wp:attachment":[{"href":"https:\/\/blogdodanielgalvao.com.br\/site\/wp-json\/wp\/v2\/media?parent=21186"}],"wp:term":[{"taxonomy":"category","embeddable":true,"href":"https:\/\/blogdodanielgalvao.com.br\/site\/wp-json\/wp\/v2\/categories?post=21186"},{"taxonomy":"post_tag","embeddable":true,"href":"https:\/\/blogdodanielgalvao.com.br\/site\/wp-json\/wp\/v2\/tags?post=21186"}],"curies":[{"name":"wp","href":"https:\/\/api.w.org\/{rel}","templated":true}]}}