{"id":21185,"date":"2025-07-21T17:10:04","date_gmt":"2025-07-21T20:10:04","guid":{"rendered":"https:\/\/blogdodanielgalvao.com.br\/site\/?p=21185"},"modified":"2025-07-21T17:10:04","modified_gmt":"2025-07-21T20:10:04","slug":"registro-de-baleia-franca-com-filhote-coloca-arraial-do-cabo-no-radar-da-ciencia","status":"publish","type":"post","link":"https:\/\/blogdodanielgalvao.com.br\/site\/registro-de-baleia-franca-com-filhote-coloca-arraial-do-cabo-no-radar-da-ciencia\/","title":{"rendered":"Registro de baleia-franca com filhote coloca Arraial do Cabo no radar da ci\u00eancia"},"content":{"rendered":"<p>Um registro considerado incomum mobilizou moradores, turistas e pesquisadores nesta segunda-feira (21\/07) em Arraial do Cabo: uma baleia-franca foi vista acompanhada de seu filhote nas \u00e1guas da regi\u00e3o, em um epis\u00f3dio considerado raro e valioso do ponto de vista cient\u00edfico.<\/p>\n<p>De acordo com especialistas, o tamanho reduzido do filhote indica que ele pode ter nascido recentemente no litoral fluminense \u2014 uma ocorr\u00eancia rara, j\u00e1 que o ciclo reprodutivo da esp\u00e9cie normalmente se concentra no Sul do Brasil, com destaque para a costa catarinense. Arraial do Cabo est\u00e1 localizado no limite norte da \u00e1rea de reprodu\u00e7\u00e3o, o que torna o acontecimento ainda mais significativo.<\/p>\n<p>\u201cO nascimento de uma baleia-franca por aqui \u00e9 um marco ambiental. Mostra que nossos mares ainda oferecem condi\u00e7\u00f5es seguras e saud\u00e1veis para esp\u00e9cies amea\u00e7adas\u201d, destacou a ocean\u00f3grafa Yaci Gallo, coordenadora do Projeto Mar de Baleias da Funtec Ambiental.<\/p>\n<p>O momento reprodutivo \u00e9 sens\u00edvel para a sobreviv\u00eancia da esp\u00e9cie, o que refor\u00e7a o pedido de aten\u00e7\u00e3o \u00e0s embarca\u00e7\u00f5es que circulam na regi\u00e3o. Pesquisadores e autoridades ambientais recomendam que barcos mantenham dist\u00e2ncia segura dos animais, evitando colis\u00f5es e estresse aos cet\u00e1ceos.<\/p>\n<p>O epis\u00f3dio consolida Arraial do Cabo como uma das principais \u00e1reas de avistamento de vida marinha no estado do Rio de Janeiro, ressaltando como a\u00e7\u00f5es de preserva\u00e7\u00e3o e educa\u00e7\u00e3o ambiental podem proporcionar encontros \u00fanicos entre seres humanos e a biodiversidade\u00a0marinha.<\/p>\n","protected":false},"excerpt":{"rendered":"<p>Um registro considerado incomum mobilizou moradores, turistas e pesquisadores nesta segunda-feira (21\/07) em Arraial do Cabo: uma baleia-franca foi vista acompanhada de seu filhote nas \u00e1guas da regi\u00e3o, em um epis\u00f3dio considerado raro e valioso do ponto de vista cient\u00edfico. De acordo com especialistas, o tamanho reduzido do filhote indica que ele pode ter nascido [&hellip;]<\/p>\n","protected":false},"author":2,"featured_media":21187,"comment_status":"open","ping_status":"open","sticky":true,"template":"","format":"standard","meta":{"footnotes":""},"categories":[838],"tags":[1896],"class_list":["post-21185","post","type-post","status-publish","format-standard","has-post-thumbnail","hentry","category-arraial-do-cabo","tag-destaque"],"_links":{"self":[{"href":"https:\/\/blogdodanielgalvao.com.br\/site\/wp-json\/wp\/v2\/posts\/21185","targetHints":{"allow":["GET"]}}],"collection":[{"href":"https:\/\/blogdodanielgalvao.com.br\/site\/wp-json\/wp\/v2\/posts"}],"about":[{"href":"https:\/\/blogdodanielgalvao.com.br\/site\/wp-json\/wp\/v2\/types\/post"}],"author":[{"embeddable":true,"href":"https:\/\/blogdodanielgalvao.com.br\/site\/wp-json\/wp\/v2\/users\/2"}],"replies":[{"embeddable":true,"href":"https:\/\/blogdodanielgalvao.com.br\/site\/wp-json\/wp\/v2\/comments?post=21185"}],"version-history":[{"count":1,"href":"https:\/\/blogdodanielgalvao.com.br\/site\/wp-json\/wp\/v2\/posts\/21185\/revisions"}],"predecessor-version":[{"id":21188,"href":"https:\/\/blogdodanielgalvao.com.br\/site\/wp-json\/wp\/v2\/posts\/21185\/revisions\/21188"}],"wp:featuredmedia":[{"embeddable":true,"href":"https:\/\/blogdodanielgalvao.com.br\/site\/wp-json\/wp\/v2\/media\/21187"}],"wp:attachment":[{"href":"https:\/\/blogdodanielgalvao.com.br\/site\/wp-json\/wp\/v2\/media?parent=21185"}],"wp:term":[{"taxonomy":"category","embeddable":true,"href":"https:\/\/blogdodanielgalvao.com.br\/site\/wp-json\/wp\/v2\/categories?post=21185"},{"taxonomy":"post_tag","embeddable":true,"href":"https:\/\/blogdodanielgalvao.com.br\/site\/wp-json\/wp\/v2\/tags?post=21185"}],"curies":[{"name":"wp","href":"https:\/\/api.w.org\/{rel}","templated":true}]}}