{"id":21181,"date":"2025-07-21T17:02:33","date_gmt":"2025-07-21T20:02:33","guid":{"rendered":"https:\/\/blogdodanielgalvao.com.br\/site\/?p=21181"},"modified":"2025-07-21T17:07:17","modified_gmt":"2025-07-21T20:07:17","slug":"municipio-de-arraial-promove-vivencia-ambiental-e-reforca-importancia-da-biodiversidade","status":"publish","type":"post","link":"https:\/\/blogdodanielgalvao.com.br\/site\/municipio-de-arraial-promove-vivencia-ambiental-e-reforca-importancia-da-biodiversidade\/","title":{"rendered":"Munic\u00edpio de Arraial promove viv\u00eancia ambiental e refor\u00e7a import\u00e2ncia da biodiversidade"},"content":{"rendered":"<p>Com foco na valoriza\u00e7\u00e3o das \u00e1reas protegidas e no contato direto com o meio ambiente, Arraial do Cabo realizou, neste domingo (20), uma edi\u00e7\u00e3o especial do evento nacional \u201cUm Dia no Parque\u201d. A iniciativa ocorre simultaneamente em diversas regi\u00f5es do pa\u00eds com o objetivo de sensibilizar a popula\u00e7\u00e3o sobre o papel essencial das unidades de conserva\u00e7\u00e3o para a preserva\u00e7\u00e3o da biodiversidade.<\/p>\n<p>Na cidade, a programa\u00e7\u00e3o foi promovida pela Prefeitura em conjunto com as Secretarias Municipais de Ambiente e Saneamento e de Turismo, e contou com o apoio da Funtec Ambiental, ICMBio, Reserva Extrativista Marinha (Resex-Mar), Parque Estadual da Costa do Sol e Rede Trilhas.<\/p>\n<p>A atividade principal foi uma caminhada gratuita pelo s\u00e9timo trecho da Rota Cabista, trilha de longo percurso que integra paisagens naturais de alto valor ecol\u00f3gico e hist\u00f3rico. Durante o trajeto, os participantes puderam observar de perto a fauna e a flora local, al\u00e9m de desfrutar de pontos privilegiados de avistamento de baleias, como os mirantes naturais da Praia Grande e do Pontal do Atalaia.<\/p>\n<p>A a\u00e7\u00e3o tamb\u00e9m teve car\u00e1ter educativo, refor\u00e7ando a import\u00e2ncia da conserva\u00e7\u00e3o ambiental e estimulando o turismo ecol\u00f3gico na regi\u00e3o, que possui um dos cen\u00e1rios naturais mais exuberantes do litoral\u00a0brasileiro.<\/p>\n","protected":false},"excerpt":{"rendered":"<p>Com foco na valoriza\u00e7\u00e3o das \u00e1reas protegidas e no contato direto com o meio ambiente, Arraial do Cabo realizou, neste domingo (20), uma edi\u00e7\u00e3o especial do evento nacional \u201cUm Dia no Parque\u201d. A iniciativa ocorre simultaneamente em diversas regi\u00f5es do pa\u00eds com o objetivo de sensibilizar a popula\u00e7\u00e3o sobre o papel essencial das unidades de [&hellip;]<\/p>\n","protected":false},"author":2,"featured_media":21182,"comment_status":"open","ping_status":"open","sticky":true,"template":"","format":"standard","meta":{"footnotes":""},"categories":[838],"tags":[1896],"class_list":["post-21181","post","type-post","status-publish","format-standard","has-post-thumbnail","hentry","category-arraial-do-cabo","tag-destaque"],"_links":{"self":[{"href":"https:\/\/blogdodanielgalvao.com.br\/site\/wp-json\/wp\/v2\/posts\/21181","targetHints":{"allow":["GET"]}}],"collection":[{"href":"https:\/\/blogdodanielgalvao.com.br\/site\/wp-json\/wp\/v2\/posts"}],"about":[{"href":"https:\/\/blogdodanielgalvao.com.br\/site\/wp-json\/wp\/v2\/types\/post"}],"author":[{"embeddable":true,"href":"https:\/\/blogdodanielgalvao.com.br\/site\/wp-json\/wp\/v2\/users\/2"}],"replies":[{"embeddable":true,"href":"https:\/\/blogdodanielgalvao.com.br\/site\/wp-json\/wp\/v2\/comments?post=21181"}],"version-history":[{"count":1,"href":"https:\/\/blogdodanielgalvao.com.br\/site\/wp-json\/wp\/v2\/posts\/21181\/revisions"}],"predecessor-version":[{"id":21183,"href":"https:\/\/blogdodanielgalvao.com.br\/site\/wp-json\/wp\/v2\/posts\/21181\/revisions\/21183"}],"wp:featuredmedia":[{"embeddable":true,"href":"https:\/\/blogdodanielgalvao.com.br\/site\/wp-json\/wp\/v2\/media\/21182"}],"wp:attachment":[{"href":"https:\/\/blogdodanielgalvao.com.br\/site\/wp-json\/wp\/v2\/media?parent=21181"}],"wp:term":[{"taxonomy":"category","embeddable":true,"href":"https:\/\/blogdodanielgalvao.com.br\/site\/wp-json\/wp\/v2\/categories?post=21181"},{"taxonomy":"post_tag","embeddable":true,"href":"https:\/\/blogdodanielgalvao.com.br\/site\/wp-json\/wp\/v2\/tags?post=21181"}],"curies":[{"name":"wp","href":"https:\/\/api.w.org\/{rel}","templated":true}]}}