{"id":21178,"date":"2025-07-21T16:54:14","date_gmt":"2025-07-21T19:54:14","guid":{"rendered":"https:\/\/blogdodanielgalvao.com.br\/site\/?p=21178"},"modified":"2025-07-21T16:54:14","modified_gmt":"2025-07-21T19:54:14","slug":"cabo-frio-recebe-reforco-policial-e-obra-ambiental-de-impacto-regional","status":"publish","type":"post","link":"https:\/\/blogdodanielgalvao.com.br\/site\/cabo-frio-recebe-reforco-policial-e-obra-ambiental-de-impacto-regional\/","title":{"rendered":"Cabo Frio recebe refor\u00e7o policial e obra ambiental de impacto regional"},"content":{"rendered":"<p>Cabo Frio recebeu, nesta segunda-feira (21), a visita do governador Cl\u00e1udio Castro para uma s\u00e9rie de an\u00fancios e entregas voltadas ao fortalecimento da seguran\u00e7a p\u00fablica, \u00e0 recupera\u00e7\u00e3o ambiental e ao fomento do desenvolvimento na Regi\u00e3o dos Lagos.<\/p>\n<p>A cerim\u00f4nia aconteceu na Pra\u00e7a Porto Rocha e contou com a entrega de 20 viaturas para o 25\u00ba Batalh\u00e3o da Pol\u00edcia Militar, 7 viaturas destinadas \u00e0 Pol\u00edcia Rodovi\u00e1ria, al\u00e9m de duas motos aqu\u00e1ticas para o Comando de Pol\u00edcia Ambiental. Tamb\u00e9m foi entregue um carro-comando equipado com tecnologia de \u00faltima gera\u00e7\u00e3o, capaz de transmitir imagens ao vivo por drones e c\u00e2meras.<\/p>\n<p>Durante o evento, Cl\u00e1udio Castro enfatizou a import\u00e2ncia da articula\u00e7\u00e3o entre os governos estadual e municipais. Segundo ele, \u201cesses investimentos v\u00e3o al\u00e9m da seguran\u00e7a p\u00fablica: s\u00e3o ferramentas de transforma\u00e7\u00e3o regional, pensadas com planejamento e compromisso com as demandas locais\u201d.<\/p>\n<p>Um dos principais destaques foi a assinatura do conv\u00eanio que vai viabilizar a dragagem da Lagoa de Araruama, na \u00e1rea da Praia do Siqueira. A obra, aguardada h\u00e1 d\u00e9cadas, promete melhorar a qualidade da \u00e1gua e a balneabilidade da lagoa, com reflexos diretos na atividade pesqueira, no turismo e na conserva\u00e7\u00e3o ambiental.<\/p>\n<p>O prefeito de Cabo Frio, Dr. Serginho, comemorou a iniciativa. \u201c\u00c9 um divisor de \u00e1guas para a cidade. A dragagem \u00e9 uma demanda antiga, que impacta diretamente nosso ecossistema, os pescadores e o com\u00e9rcio local. \u00c9 um investimento que vem com responsabilidade ambiental e vis\u00e3o de futuro\u201d, afirmou. Ele tamb\u00e9m adiantou que os bairros Jardim Esperan\u00e7a e Tamoios devem receber novas a\u00e7\u00f5es do governo estadual em breve.<\/p>\n<p>Outros an\u00fancios feitos durante a visita incluem a instala\u00e7\u00e3o de uma base do Batalh\u00e3o de Policiamento em \u00c1reas Tur\u00edsticas (BPTur) no bairro Per\u00f3 e a amplia\u00e7\u00e3o do Programa RAS (Regime Adicional de Servi\u00e7o), que refor\u00e7a a presen\u00e7a da Pol\u00edcia Militar nas ruas.<\/p>\n<p>Estiveram presentes \u00e0 solenidade o presidente do Instituto Estadual do Ambiente (Inea), Renato Jord\u00e3o; o Secret\u00e1rio Estadual do Ambiente e Sustentabilidade, Bernardo Rossi; e o Secret\u00e1rio de Estado de Pol\u00edcia Militar, coronel Marcelo de Menezes. A comitiva incluiu ainda secret\u00e1rios municipais, prefeitos da regi\u00e3o, vereadores e outras autoridades.<\/p>\n<p>&nbsp;<\/p>\n<p>Foto: Mari\u00a0Ricci\/SECOM<\/p>\n","protected":false},"excerpt":{"rendered":"<p>Cabo Frio recebeu, nesta segunda-feira (21), a visita do governador Cl\u00e1udio Castro para uma s\u00e9rie de an\u00fancios e entregas voltadas ao fortalecimento da seguran\u00e7a p\u00fablica, \u00e0 recupera\u00e7\u00e3o ambiental e ao fomento do desenvolvimento na Regi\u00e3o dos Lagos. A cerim\u00f4nia aconteceu na Pra\u00e7a Porto Rocha e contou com a entrega de 20 viaturas para o 25\u00ba [&hellip;]<\/p>\n","protected":false},"author":2,"featured_media":21179,"comment_status":"open","ping_status":"open","sticky":true,"template":"","format":"standard","meta":{"footnotes":""},"categories":[340],"tags":[1896],"class_list":["post-21178","post","type-post","status-publish","format-standard","has-post-thumbnail","hentry","category-cabo-frio","tag-destaque"],"_links":{"self":[{"href":"https:\/\/blogdodanielgalvao.com.br\/site\/wp-json\/wp\/v2\/posts\/21178","targetHints":{"allow":["GET"]}}],"collection":[{"href":"https:\/\/blogdodanielgalvao.com.br\/site\/wp-json\/wp\/v2\/posts"}],"about":[{"href":"https:\/\/blogdodanielgalvao.com.br\/site\/wp-json\/wp\/v2\/types\/post"}],"author":[{"embeddable":true,"href":"https:\/\/blogdodanielgalvao.com.br\/site\/wp-json\/wp\/v2\/users\/2"}],"replies":[{"embeddable":true,"href":"https:\/\/blogdodanielgalvao.com.br\/site\/wp-json\/wp\/v2\/comments?post=21178"}],"version-history":[{"count":1,"href":"https:\/\/blogdodanielgalvao.com.br\/site\/wp-json\/wp\/v2\/posts\/21178\/revisions"}],"predecessor-version":[{"id":21180,"href":"https:\/\/blogdodanielgalvao.com.br\/site\/wp-json\/wp\/v2\/posts\/21178\/revisions\/21180"}],"wp:featuredmedia":[{"embeddable":true,"href":"https:\/\/blogdodanielgalvao.com.br\/site\/wp-json\/wp\/v2\/media\/21179"}],"wp:attachment":[{"href":"https:\/\/blogdodanielgalvao.com.br\/site\/wp-json\/wp\/v2\/media?parent=21178"}],"wp:term":[{"taxonomy":"category","embeddable":true,"href":"https:\/\/blogdodanielgalvao.com.br\/site\/wp-json\/wp\/v2\/categories?post=21178"},{"taxonomy":"post_tag","embeddable":true,"href":"https:\/\/blogdodanielgalvao.com.br\/site\/wp-json\/wp\/v2\/tags?post=21178"}],"curies":[{"name":"wp","href":"https:\/\/api.w.org\/{rel}","templated":true}]}}