{"id":20869,"date":"2025-07-14T11:19:28","date_gmt":"2025-07-14T14:19:28","guid":{"rendered":"https:\/\/blogdodanielgalvao.com.br\/site\/?p=20869"},"modified":"2025-07-14T11:19:28","modified_gmt":"2025-07-14T14:19:28","slug":"oficina-e-multada-por-ocupar-passeio-publico-com-veiculos-abandonados-na-praia-do-siqueira-cabo-frio","status":"publish","type":"post","link":"https:\/\/blogdodanielgalvao.com.br\/site\/oficina-e-multada-por-ocupar-passeio-publico-com-veiculos-abandonados-na-praia-do-siqueira-cabo-frio\/","title":{"rendered":"Oficina \u00e9 multada por ocupar passeio p\u00fablico com ve\u00edculos abandonados, na Praia do Siqueira, Cabo Frio"},"content":{"rendered":"<p>A Prefeitura de Cabo Frio, por meio da Secretaria de Seguran\u00e7a e Ordem P\u00fablica, multou uma oficina localizada na Rua Irm\u00e3 Josefina da Veiga, na Praia do Siqueira, por obstru\u00e7\u00e3o do passeio p\u00fablico com autom\u00f3veis estacionados de forma irregular \u2014 alguns deles aparentemente abandonados.<\/p>\n<p>A a\u00e7\u00e3o de fiscaliza\u00e7\u00e3o foi organizada pela Secretaria Adjunta de Licenciamento e Fiscaliza\u00e7\u00e3o, que j\u00e1 havia notificado previamente o propriet\u00e1rio do estabelecimento. Na ocasi\u00e3o, a orienta\u00e7\u00e3o foi clara: liberar a cal\u00e7ada, espa\u00e7o destinado exclusivamente ao tr\u00e1fego de pedestres.<\/p>\n<p>Mesmo ap\u00f3s a advert\u00eancia oficial, a situa\u00e7\u00e3o n\u00e3o foi corrigida, o que motivou a aplica\u00e7\u00e3o da penalidade administrativa e a exig\u00eancia imediata da remo\u00e7\u00e3o dos ve\u00edculos que bloqueavam a circula\u00e7\u00e3o de pessoas. Segundo a pasta respons\u00e1vel, a medida visa n\u00e3o apenas garantir a acessibilidade urbana, mas tamb\u00e9m coibir o uso indevido de \u00e1reas p\u00fablicas para fins particulares.<\/p>\n<p>De acordo com a Secretaria de Seguran\u00e7a e Ordem P\u00fablica, a\u00e7\u00f5es desse tipo v\u00eam sendo intensificadas em diversos pontos de Cabo Frio. O objetivo \u00e9 promover o ordenamento urbano, combater pr\u00e1ticas irregulares e assegurar que os espa\u00e7os p\u00fablicos cumpram sua fun\u00e7\u00e3o social, especialmente no que diz respeito \u00e0 mobilidade e \u00e0 seguran\u00e7a da popula\u00e7\u00e3o.<\/p>\n<p>A gest\u00e3o municipal refor\u00e7a ainda que a popula\u00e7\u00e3o pode colaborar com esse processo, denunciando casos semelhantes por meio dos canais oficiais da prefeitura. A inten\u00e7\u00e3o, segundo a equipe de fiscaliza\u00e7\u00e3o, \u00e9 manter a cidade organizada e acess\u00edvel para todos, com aten\u00e7\u00e3o especial \u00e0s regi\u00f5es onde o crescimento desordenado tem gerado conflitos entre o uso privado e o interesse coletivo.<\/p>\n","protected":false},"excerpt":{"rendered":"<p>A Prefeitura de Cabo Frio, por meio da Secretaria de Seguran\u00e7a e Ordem P\u00fablica, multou uma oficina localizada na Rua Irm\u00e3 Josefina da Veiga, na Praia do Siqueira, por obstru\u00e7\u00e3o do passeio p\u00fablico com autom\u00f3veis estacionados de forma irregular \u2014 alguns deles aparentemente abandonados. A a\u00e7\u00e3o de fiscaliza\u00e7\u00e3o foi organizada pela Secretaria Adjunta de Licenciamento [&hellip;]<\/p>\n","protected":false},"author":2,"featured_media":20870,"comment_status":"open","ping_status":"open","sticky":true,"template":"","format":"standard","meta":{"footnotes":""},"categories":[340],"tags":[1896],"class_list":["post-20869","post","type-post","status-publish","format-standard","has-post-thumbnail","hentry","category-cabo-frio","tag-destaque"],"_links":{"self":[{"href":"https:\/\/blogdodanielgalvao.com.br\/site\/wp-json\/wp\/v2\/posts\/20869","targetHints":{"allow":["GET"]}}],"collection":[{"href":"https:\/\/blogdodanielgalvao.com.br\/site\/wp-json\/wp\/v2\/posts"}],"about":[{"href":"https:\/\/blogdodanielgalvao.com.br\/site\/wp-json\/wp\/v2\/types\/post"}],"author":[{"embeddable":true,"href":"https:\/\/blogdodanielgalvao.com.br\/site\/wp-json\/wp\/v2\/users\/2"}],"replies":[{"embeddable":true,"href":"https:\/\/blogdodanielgalvao.com.br\/site\/wp-json\/wp\/v2\/comments?post=20869"}],"version-history":[{"count":1,"href":"https:\/\/blogdodanielgalvao.com.br\/site\/wp-json\/wp\/v2\/posts\/20869\/revisions"}],"predecessor-version":[{"id":20871,"href":"https:\/\/blogdodanielgalvao.com.br\/site\/wp-json\/wp\/v2\/posts\/20869\/revisions\/20871"}],"wp:featuredmedia":[{"embeddable":true,"href":"https:\/\/blogdodanielgalvao.com.br\/site\/wp-json\/wp\/v2\/media\/20870"}],"wp:attachment":[{"href":"https:\/\/blogdodanielgalvao.com.br\/site\/wp-json\/wp\/v2\/media?parent=20869"}],"wp:term":[{"taxonomy":"category","embeddable":true,"href":"https:\/\/blogdodanielgalvao.com.br\/site\/wp-json\/wp\/v2\/categories?post=20869"},{"taxonomy":"post_tag","embeddable":true,"href":"https:\/\/blogdodanielgalvao.com.br\/site\/wp-json\/wp\/v2\/tags?post=20869"}],"curies":[{"name":"wp","href":"https:\/\/api.w.org\/{rel}","templated":true}]}}