{"id":20862,"date":"2025-07-12T14:04:31","date_gmt":"2025-07-12T17:04:31","guid":{"rendered":"https:\/\/blogdodanielgalvao.com.br\/site\/?p=20862"},"modified":"2025-07-12T14:04:31","modified_gmt":"2025-07-12T17:04:31","slug":"encontro-regional-reune-praticas-de-sucesso-da-eja-com-participacao-de-cabo-frio","status":"publish","type":"post","link":"https:\/\/blogdodanielgalvao.com.br\/site\/encontro-regional-reune-praticas-de-sucesso-da-eja-com-participacao-de-cabo-frio\/","title":{"rendered":"Encontro regional re\u00fane pr\u00e1ticas de sucesso da EJA com participa\u00e7\u00e3o de Cabo Frio"},"content":{"rendered":"<p>Cabo Frio participou, nesta semana, do 1\u00ba F\u00f3rum de Partilha da EJA \u2013 Baixada Litor\u00e2nea e Metropolitana II \u2013 RJ, sediado na Secretaria Municipal de Educa\u00e7\u00e3o de Tangu\u00e1. O evento reuniu profissionais da educa\u00e7\u00e3o de diversos munic\u00edpios com o intuito de divulgar experi\u00eancias bem-sucedidas aplicadas nos C\u00edrculos de Cultura, uma das a\u00e7\u00f5es do Pacto EJA.<\/p>\n<p>A representa\u00e7\u00e3o cabo-friense ficou por conta da professora Carina Barreto, do Centro Educacional Municipal Professora Marli Capp, que apresentou o projeto \u201cMinha Hist\u00f3ria: Identidade, mem\u00f3ria, experi\u00eancia e sonho\u201d, realizado com estudantes da IX fase da Educa\u00e7\u00e3o de Jovens e Adultos. A proposta \u00e9 reconhecer a trajet\u00f3ria pessoal dos alunos, refor\u00e7ando o protagonismo e a autoestima a partir da valoriza\u00e7\u00e3o de viv\u00eancias individuais e coletivas.<\/p>\n<p>Durante o evento, tamb\u00e9m estiveram presentes a formadora municipal do Pacto EJA, Camilla Ferrari, e a coordenadora municipal da EJA, Francine Elizabeth. O grupo compartilhou experi\u00eancias que envolvem desde desafios cotidianos at\u00e9 conquistas dos estudantes, al\u00e9m de estrat\u00e9gias pedag\u00f3gicas que fortalecem o v\u00ednculo entre escola e comunidade.<\/p>\n<p>O f\u00f3rum refor\u00e7ou a import\u00e2ncia de pr\u00e1ticas pedag\u00f3gicas que criem ambientes de acolhimento e escuta ativa nas escolas. A valoriza\u00e7\u00e3o do saber popular e da diversidade das trajet\u00f3rias de vida mostra-se essencial para garantir uma educa\u00e7\u00e3o inclusiva e\u00a0transformadora.<\/p>\n","protected":false},"excerpt":{"rendered":"<p>Cabo Frio participou, nesta semana, do 1\u00ba F\u00f3rum de Partilha da EJA \u2013 Baixada Litor\u00e2nea e Metropolitana II \u2013 RJ, sediado na Secretaria Municipal de Educa\u00e7\u00e3o de Tangu\u00e1. O evento reuniu profissionais da educa\u00e7\u00e3o de diversos munic\u00edpios com o intuito de divulgar experi\u00eancias bem-sucedidas aplicadas nos C\u00edrculos de Cultura, uma das a\u00e7\u00f5es do Pacto EJA. [&hellip;]<\/p>\n","protected":false},"author":2,"featured_media":20863,"comment_status":"open","ping_status":"open","sticky":false,"template":"","format":"standard","meta":{"footnotes":""},"categories":[340],"tags":[1896],"class_list":["post-20862","post","type-post","status-publish","format-standard","has-post-thumbnail","hentry","category-cabo-frio","tag-destaque"],"_links":{"self":[{"href":"https:\/\/blogdodanielgalvao.com.br\/site\/wp-json\/wp\/v2\/posts\/20862","targetHints":{"allow":["GET"]}}],"collection":[{"href":"https:\/\/blogdodanielgalvao.com.br\/site\/wp-json\/wp\/v2\/posts"}],"about":[{"href":"https:\/\/blogdodanielgalvao.com.br\/site\/wp-json\/wp\/v2\/types\/post"}],"author":[{"embeddable":true,"href":"https:\/\/blogdodanielgalvao.com.br\/site\/wp-json\/wp\/v2\/users\/2"}],"replies":[{"embeddable":true,"href":"https:\/\/blogdodanielgalvao.com.br\/site\/wp-json\/wp\/v2\/comments?post=20862"}],"version-history":[{"count":1,"href":"https:\/\/blogdodanielgalvao.com.br\/site\/wp-json\/wp\/v2\/posts\/20862\/revisions"}],"predecessor-version":[{"id":20864,"href":"https:\/\/blogdodanielgalvao.com.br\/site\/wp-json\/wp\/v2\/posts\/20862\/revisions\/20864"}],"wp:featuredmedia":[{"embeddable":true,"href":"https:\/\/blogdodanielgalvao.com.br\/site\/wp-json\/wp\/v2\/media\/20863"}],"wp:attachment":[{"href":"https:\/\/blogdodanielgalvao.com.br\/site\/wp-json\/wp\/v2\/media?parent=20862"}],"wp:term":[{"taxonomy":"category","embeddable":true,"href":"https:\/\/blogdodanielgalvao.com.br\/site\/wp-json\/wp\/v2\/categories?post=20862"},{"taxonomy":"post_tag","embeddable":true,"href":"https:\/\/blogdodanielgalvao.com.br\/site\/wp-json\/wp\/v2\/tags?post=20862"}],"curies":[{"name":"wp","href":"https:\/\/api.w.org\/{rel}","templated":true}]}}