{"id":20858,"date":"2025-07-13T07:07:40","date_gmt":"2025-07-13T10:07:40","guid":{"rendered":"https:\/\/blogdodanielgalvao.com.br\/site\/?p=20858"},"modified":"2025-07-11T21:09:54","modified_gmt":"2025-07-12T00:09:54","slug":"rio-das-ostras-anuncia-mudanca-de-endereco-para-a-feira-do-artesao-a-partir-do-dia-17","status":"publish","type":"post","link":"https:\/\/blogdodanielgalvao.com.br\/site\/rio-das-ostras-anuncia-mudanca-de-endereco-para-a-feira-do-artesao-a-partir-do-dia-17\/","title":{"rendered":"Rio das Ostras anuncia mudan\u00e7a de endere\u00e7o para a Feira do Artes\u00e3o a partir do dia 17"},"content":{"rendered":"<p>A Prefeitura de Rio das Ostras anunciou, nessa sexta-feira, 11, uma importante mudan\u00e7a envolvendo a \u00e1rea cultural da cidade, com a passagem da Feira do Artes\u00e3o para a 2\u00aa quadra da Avenida Amazonas, no centro da cidade.<\/p>\n<p>A partir da pr\u00f3xima sexta-feira, 17, a Feirinha, como \u00e9 popularmente conhecida na cidade, passar\u00e1 a funcionar dentro do Shopping de Rua Juamir Moreira Jorge \u2013 \u201cMica\u201d, em decis\u00e3o tomada ap\u00f3s amplo di\u00e1logo com os artes\u00e3os da cidade.<\/p>\n<p>De acordo com o munic\u00edpio, a mudan\u00e7a de endere\u00e7o vem sendo debatida desde janeiro desse ano, e promete trazer benef\u00edcios para os artes\u00e3os, como um espa\u00e7o coberto, com melhor infraestrutura e maior visita\u00e7\u00e3o.<\/p>\n<p>A prefeitura lembra ainda que a transfer\u00eancia de endere\u00e7o tamb\u00e9m libera a 1\u00aa quadra da Avenida Amazonas para a chegada de uma base do programa Seguran\u00e7a Presente, do governo estadual, que promete melhorar a seguran\u00e7a de todo o centro da cidade.<\/p>\n<p>\u201cDesde o in\u00edcio do ano, a Funda\u00e7\u00e3o Rio das Ostras de Cultura (FROC) tem intensificado seus investimentos na promo\u00e7\u00e3o da economia criativa. Um novo espa\u00e7o foi criado para os artes\u00e3os, que agora tamb\u00e9m podem expor e comercializar seus produtos no Parque dos P\u00e1ssaros \u00e0s sextas e s\u00e1bados, das 9h \u00e0s 15h, e aos domingos, das 9h \u00e0s 13h\u201d, explicou o munic\u00edpio.<\/p>\n<p>Refor\u00e7ando o compromisso com a categoria, a prefeitura citou ainda diversas medidas visando melhorar o setor de artesanato na cidade, como a implementa\u00e7\u00e3o da Carteira Municipal do Artes\u00e3o, documento que reconhece e valoriza o trabalho artesanal, e da Mentoria Art\u00edstica, que orienta os artes\u00e3os a criar pe\u00e7as que promovam a identidade cultural de Rio das Ostras, projeto desenvolvido na Fundi\u00e7\u00e3o de Artes e Of\u00edcios, reaberta este ano ap\u00f3s passar por limpeza e reforma.<\/p>\n<p>Entre as outras medidas enumeradas pelo governo est\u00e3o tamb\u00e9m a Casa do Artes\u00e3o Vera Luzente, que funciona nas depend\u00eancias da Casa de Cultura, onde s\u00e3o comercializados exclusivamente artesanatos produzidos por artistas riostrenses, e a sele\u00e7\u00e3o de artes\u00e3os para expor e vender suas cria\u00e7\u00f5es em eventos como a 17\u00aa Rio Artes \u2013 Feira da Economia Criativa e o Rio das Ostras Jazz &amp; Blues Festival.<\/p>\n","protected":false},"excerpt":{"rendered":"<p>A Prefeitura de Rio das Ostras anunciou, nessa sexta-feira, 11, uma importante mudan\u00e7a envolvendo a \u00e1rea cultural da cidade, com a passagem da Feira do Artes\u00e3o para a 2\u00aa quadra da Avenida Amazonas, no centro da cidade. A partir da pr\u00f3xima sexta-feira, 17, a Feirinha, como \u00e9 popularmente conhecida na cidade, passar\u00e1 a funcionar dentro [&hellip;]<\/p>\n","protected":false},"author":2,"featured_media":20860,"comment_status":"open","ping_status":"open","sticky":true,"template":"","format":"standard","meta":{"footnotes":""},"categories":[4],"tags":[],"class_list":["post-20858","post","type-post","status-publish","format-standard","has-post-thumbnail","hentry","category-rio-das-ostras"],"_links":{"self":[{"href":"https:\/\/blogdodanielgalvao.com.br\/site\/wp-json\/wp\/v2\/posts\/20858","targetHints":{"allow":["GET"]}}],"collection":[{"href":"https:\/\/blogdodanielgalvao.com.br\/site\/wp-json\/wp\/v2\/posts"}],"about":[{"href":"https:\/\/blogdodanielgalvao.com.br\/site\/wp-json\/wp\/v2\/types\/post"}],"author":[{"embeddable":true,"href":"https:\/\/blogdodanielgalvao.com.br\/site\/wp-json\/wp\/v2\/users\/2"}],"replies":[{"embeddable":true,"href":"https:\/\/blogdodanielgalvao.com.br\/site\/wp-json\/wp\/v2\/comments?post=20858"}],"version-history":[{"count":1,"href":"https:\/\/blogdodanielgalvao.com.br\/site\/wp-json\/wp\/v2\/posts\/20858\/revisions"}],"predecessor-version":[{"id":20861,"href":"https:\/\/blogdodanielgalvao.com.br\/site\/wp-json\/wp\/v2\/posts\/20858\/revisions\/20861"}],"wp:featuredmedia":[{"embeddable":true,"href":"https:\/\/blogdodanielgalvao.com.br\/site\/wp-json\/wp\/v2\/media\/20860"}],"wp:attachment":[{"href":"https:\/\/blogdodanielgalvao.com.br\/site\/wp-json\/wp\/v2\/media?parent=20858"}],"wp:term":[{"taxonomy":"category","embeddable":true,"href":"https:\/\/blogdodanielgalvao.com.br\/site\/wp-json\/wp\/v2\/categories?post=20858"},{"taxonomy":"post_tag","embeddable":true,"href":"https:\/\/blogdodanielgalvao.com.br\/site\/wp-json\/wp\/v2\/tags?post=20858"}],"curies":[{"name":"wp","href":"https:\/\/api.w.org\/{rel}","templated":true}]}}