{"id":20844,"date":"2025-07-11T17:57:42","date_gmt":"2025-07-11T20:57:42","guid":{"rendered":"https:\/\/blogdodanielgalvao.com.br\/site\/?p=20844"},"modified":"2025-07-11T17:57:42","modified_gmt":"2025-07-11T20:57:42","slug":"conferencia-de-cultura-de-rio-das-ostras-abre-credenciamento-nessa-sexta-11","status":"publish","type":"post","link":"https:\/\/blogdodanielgalvao.com.br\/site\/conferencia-de-cultura-de-rio-das-ostras-abre-credenciamento-nessa-sexta-11\/","title":{"rendered":"Confer\u00eancia de Cultura de Rio das Ostras abre credenciamento nessa sexta, 11"},"content":{"rendered":"<p>A Prefeitura de Rio das Ostras anunciou a abertura do prazo de credenciamento para a sua 6\u00aa Confer\u00eancia de Cultura, que aconteceu nos dias 15, 16 e 17 de agosto, no Teatro Municipal Joel Barcellos, com o tema \u201cCultura, Educa\u00e7\u00e3o e Inclus\u00e3o: Acessibilidade, Combate \u00e0 Discrimina\u00e7\u00e3o e Desenvolvimento Sustent\u00e1vel\u201d.<\/p>\n<p>O credenciamento, que pode ser realizado at\u00e9 o pr\u00f3ximo dia 31 de julho, apenas de maneira online, atrav\u00e9s do link, https:\/\/editais.fundacaoriodasostrasdecultura.rj.gov.br\/ serve para a definir quem poder\u00e1 votar na elei\u00e7\u00e3o dos novos conselheiros municipais.<\/p>\n<p>\u201cPara assegurar uma programa\u00e7\u00e3o rica em atra\u00e7\u00f5es art\u00edsticas, palestras e debates construtivos entre diferentes setores e a sociedade, a Funda\u00e7\u00e3o Rio das Ostras de Cultura (FROC) e a Comiss\u00e3o Organizadora t\u00eam trabalhado intensamente\u201d, afirmou o munic\u00edpio nessa sexta-feira, 11.<\/p>\n<p>Para fazer o credenciamento, \u00e9 preciso ter no m\u00ednimo 16 anos, anexar documentos pessoais (RG e CPF), apresentar comprovante de resid\u00eancia no munic\u00edpio ou um portf\u00f3lio que demonstre atividade cultural em Rio das Ostras h\u00e1, pelo menos, 1 ano.<\/p>\n<p>Al\u00e9m dos debates sobre o futuro do setor cultural no munic\u00edpio, o evento servir\u00e1 tamb\u00e9m para eleger os representantes da sociedade civil no Conselho Municipal de Cultura para o bi\u00eanio 2026-2027.<\/p>\n<p>A prefeitura lembra ainda que, para pleitear uma das 9 cadeiras do Conselho Municipal de Cultura para o pr\u00f3ximo bi\u00eanio, \u00e9 necess\u00e1rio que os setores tenham um n\u00famero m\u00ednimo de 10 representantes credenciados na Confer\u00eancia.<\/p>\n<p>Al\u00e9m disso, apenas os participantes credenciados poder\u00e3o participar da Pr\u00e9-Confer\u00eancia de Cultura, que acontece no dia 10 de agosto, das 14h \u00e0s 18h, tamb\u00e9m no Teatro Joel Barcellos, quando ser\u00e1 votado o Regimento Interno da 6\u00aa Confer\u00eancia.<\/p>\n<p>\u201cQualquer pessoa interessada em debater quest\u00f5es relativas \u00e0 pol\u00edtica municipal de cultura pode participar da Confer\u00eancia. O p\u00fablico em geral ter\u00e1 acesso \u00e0 solenidade de abertura, atividades art\u00edsticas e discuss\u00f5es setoriais. J\u00e1 os credenciados da sociedade civil poder\u00e3o participar das discuss\u00f5es setoriais e da plen\u00e1ria geral, com direito a voz e voto. O mesmo se aplica aos credenciados ligados ao poder p\u00fablico, que devem comprovar atividade no setor\u201d, completou a prefeitura.<\/p>\n","protected":false},"excerpt":{"rendered":"<p>A Prefeitura de Rio das Ostras anunciou a abertura do prazo de credenciamento para a sua 6\u00aa Confer\u00eancia de Cultura, que aconteceu nos dias 15, 16 e 17 de agosto, no Teatro Municipal Joel Barcellos, com o tema \u201cCultura, Educa\u00e7\u00e3o e Inclus\u00e3o: Acessibilidade, Combate \u00e0 Discrimina\u00e7\u00e3o e Desenvolvimento Sustent\u00e1vel\u201d. O credenciamento, que pode ser realizado [&hellip;]<\/p>\n","protected":false},"author":2,"featured_media":20845,"comment_status":"open","ping_status":"open","sticky":true,"template":"","format":"standard","meta":{"footnotes":""},"categories":[4],"tags":[76],"class_list":["post-20844","post","type-post","status-publish","format-standard","has-post-thumbnail","hentry","category-rio-das-ostras","tag-rio-das-ostras"],"_links":{"self":[{"href":"https:\/\/blogdodanielgalvao.com.br\/site\/wp-json\/wp\/v2\/posts\/20844","targetHints":{"allow":["GET"]}}],"collection":[{"href":"https:\/\/blogdodanielgalvao.com.br\/site\/wp-json\/wp\/v2\/posts"}],"about":[{"href":"https:\/\/blogdodanielgalvao.com.br\/site\/wp-json\/wp\/v2\/types\/post"}],"author":[{"embeddable":true,"href":"https:\/\/blogdodanielgalvao.com.br\/site\/wp-json\/wp\/v2\/users\/2"}],"replies":[{"embeddable":true,"href":"https:\/\/blogdodanielgalvao.com.br\/site\/wp-json\/wp\/v2\/comments?post=20844"}],"version-history":[{"count":1,"href":"https:\/\/blogdodanielgalvao.com.br\/site\/wp-json\/wp\/v2\/posts\/20844\/revisions"}],"predecessor-version":[{"id":20846,"href":"https:\/\/blogdodanielgalvao.com.br\/site\/wp-json\/wp\/v2\/posts\/20844\/revisions\/20846"}],"wp:featuredmedia":[{"embeddable":true,"href":"https:\/\/blogdodanielgalvao.com.br\/site\/wp-json\/wp\/v2\/media\/20845"}],"wp:attachment":[{"href":"https:\/\/blogdodanielgalvao.com.br\/site\/wp-json\/wp\/v2\/media?parent=20844"}],"wp:term":[{"taxonomy":"category","embeddable":true,"href":"https:\/\/blogdodanielgalvao.com.br\/site\/wp-json\/wp\/v2\/categories?post=20844"},{"taxonomy":"post_tag","embeddable":true,"href":"https:\/\/blogdodanielgalvao.com.br\/site\/wp-json\/wp\/v2\/tags?post=20844"}],"curies":[{"name":"wp","href":"https:\/\/api.w.org\/{rel}","templated":true}]}}