{"id":20837,"date":"2025-07-11T16:01:33","date_gmt":"2025-07-11T19:01:33","guid":{"rendered":"https:\/\/blogdodanielgalvao.com.br\/site\/?p=20837"},"modified":"2025-07-11T16:01:33","modified_gmt":"2025-07-11T19:01:33","slug":"sindsol-buzios-participa-de-evento-em-brasilia-promovido-pela-cnc","status":"publish","type":"post","link":"https:\/\/blogdodanielgalvao.com.br\/site\/sindsol-buzios-participa-de-evento-em-brasilia-promovido-pela-cnc\/","title":{"rendered":"SindSol B\u00fazios participa de evento em Bras\u00edlia promovido pela CNC"},"content":{"rendered":"<p>Representantes do Sindicato de Hot\u00e9is, Restaurantes, Bares e Similares de Arma\u00e7\u00e3o dos B\u00fazios participaram, nessa semana, da abertura do Sicom\u00e9rcio 2025, realizado em Bras\u00edlia, no Distrito Federal (DF), pela Confedera\u00e7\u00e3o Nacional do Com\u00e9rcio de Bens, Servi\u00e7os e Turismo (CNC).<\/p>\n<p>Reunindo lideran\u00e7as sindicais e de entidades ligadas aos setores do com\u00e9rcio, servi\u00e7os e turismo de todo o pa\u00eds, o evento teve como foco o fortalecimento das entidades, com debates sobre os desafios e o futuro do setor no Brasil e no mundo.<\/p>\n<p>Durante a cerim\u00f4nia de abertura, o presidente da Federa\u00e7\u00e3o do Com\u00e9rcio de Bens, Servi\u00e7os e Turismo do Estado do Rio (Fecom\u00e9rcio RJ), e vice-presidente administrativo da CNC, Antonio Queiroz, defendeu o setor terci\u00e1rio como motor da economia nacional, ressaltando seu papel na redu\u00e7\u00e3o das desigualdades sociais e na gera\u00e7\u00e3o de empregos.<\/p>\n<p>\u201cO com\u00e9rcio representa mais de 80% do PIB (Produto Interno Bruto) nacional. Somos a porta de entrada para a igualdade social. Precisamos gritar isso com for\u00e7a para que seja ouvido\u201d, afirmou Antonio Queiroz.<\/p>\n<p>Presidente licenciado do SindSol B\u00fazios, o secret\u00e1rio de Turismo da cidade, Thomas Weber, refor\u00e7ou o compromisso da entidade e do munic\u00edpio com os trabalhadores do setor, ressaltando a import\u00e2ncia da valoriza\u00e7\u00e3o desses trabalhadores.<\/p>\n<p>\u201c\u00c9 fundamental estarmos presentes nesses espa\u00e7os onde se debate o futuro do trabalho, da economia e dos direitos dos trabalhadores. O SindSol segue atuante, representando com firmeza os interesses da categoria e defendendo pol\u00edticas p\u00fablicas que promovam emprego e valorizem os profissionais do com\u00e9rcio\u201d, afirmou Thomas Weber.<\/p>\n<p>O evento tamb\u00e9m contou com a presen\u00e7a do presidente da CNC, Jos\u00e9 Roberto Tadros, e da vice-governadora do DF, Celina Le\u00e3o (PP), al\u00e9m de outras autoridades e representantes de entidades do com\u00e9rcio de bens, servi\u00e7os e turismo de diversos estados do pa\u00eds.<\/p>\n<p>Durante o evento, foram debatidos ainda temas como a reforma administrativa, o ambiente de neg\u00f3cios, a carga tribut\u00e1ria, e o papel estrat\u00e9gico das entidades sindicais na constru\u00e7\u00e3o de solu\u00e7\u00f5es para o desenvolvimento sustent\u00e1vel do pa\u00eds.<\/p>\n","protected":false},"excerpt":{"rendered":"<p>Representantes do Sindicato de Hot\u00e9is, Restaurantes, Bares e Similares de Arma\u00e7\u00e3o dos B\u00fazios participaram, nessa semana, da abertura do Sicom\u00e9rcio 2025, realizado em Bras\u00edlia, no Distrito Federal (DF), pela Confedera\u00e7\u00e3o Nacional do Com\u00e9rcio de Bens, Servi\u00e7os e Turismo (CNC). Reunindo lideran\u00e7as sindicais e de entidades ligadas aos setores do com\u00e9rcio, servi\u00e7os e turismo de todo [&hellip;]<\/p>\n","protected":false},"author":2,"featured_media":20839,"comment_status":"open","ping_status":"open","sticky":true,"template":"","format":"standard","meta":{"footnotes":""},"categories":[838],"tags":[1896],"class_list":["post-20837","post","type-post","status-publish","format-standard","has-post-thumbnail","hentry","category-arraial-do-cabo","tag-destaque"],"_links":{"self":[{"href":"https:\/\/blogdodanielgalvao.com.br\/site\/wp-json\/wp\/v2\/posts\/20837","targetHints":{"allow":["GET"]}}],"collection":[{"href":"https:\/\/blogdodanielgalvao.com.br\/site\/wp-json\/wp\/v2\/posts"}],"about":[{"href":"https:\/\/blogdodanielgalvao.com.br\/site\/wp-json\/wp\/v2\/types\/post"}],"author":[{"embeddable":true,"href":"https:\/\/blogdodanielgalvao.com.br\/site\/wp-json\/wp\/v2\/users\/2"}],"replies":[{"embeddable":true,"href":"https:\/\/blogdodanielgalvao.com.br\/site\/wp-json\/wp\/v2\/comments?post=20837"}],"version-history":[{"count":1,"href":"https:\/\/blogdodanielgalvao.com.br\/site\/wp-json\/wp\/v2\/posts\/20837\/revisions"}],"predecessor-version":[{"id":20840,"href":"https:\/\/blogdodanielgalvao.com.br\/site\/wp-json\/wp\/v2\/posts\/20837\/revisions\/20840"}],"wp:featuredmedia":[{"embeddable":true,"href":"https:\/\/blogdodanielgalvao.com.br\/site\/wp-json\/wp\/v2\/media\/20839"}],"wp:attachment":[{"href":"https:\/\/blogdodanielgalvao.com.br\/site\/wp-json\/wp\/v2\/media?parent=20837"}],"wp:term":[{"taxonomy":"category","embeddable":true,"href":"https:\/\/blogdodanielgalvao.com.br\/site\/wp-json\/wp\/v2\/categories?post=20837"},{"taxonomy":"post_tag","embeddable":true,"href":"https:\/\/blogdodanielgalvao.com.br\/site\/wp-json\/wp\/v2\/tags?post=20837"}],"curies":[{"name":"wp","href":"https:\/\/api.w.org\/{rel}","templated":true}]}}