{"id":20802,"date":"2025-07-11T14:12:58","date_gmt":"2025-07-11T17:12:58","guid":{"rendered":"https:\/\/blogdodanielgalvao.com.br\/site\/?p=20802"},"modified":"2025-07-11T14:12:58","modified_gmt":"2025-07-11T17:12:58","slug":"cabo-frio-estuda-novo-sistema-de-coleta-para-carcacas-de-peixe-com-apoio-da-patense","status":"publish","type":"post","link":"https:\/\/blogdodanielgalvao.com.br\/site\/cabo-frio-estuda-novo-sistema-de-coleta-para-carcacas-de-peixe-com-apoio-da-patense\/","title":{"rendered":"Cabo Frio estuda novo sistema de coleta para carca\u00e7as de peixe com apoio da Patense"},"content":{"rendered":"<p>A Prefeitura de Cabo Frio deu mais um passo para resolver um problema antigo da cidade: o descarte inadequado das carca\u00e7as de pescado. Nesta quinta-feira (10), representantes do governo municipal realizaram uma visita t\u00e9cnica \u00e0 sede da empresa Patense, em Tangu\u00e1, para alinhar uma coopera\u00e7\u00e3o que viabilize a destina\u00e7\u00e3o correta desses res\u00edduos.<\/p>\n<p>A a\u00e7\u00e3o \u00e9 coordenada pela Secretaria de Agricultura e Pesca e prev\u00ea a instala\u00e7\u00e3o de um cont\u00eainer refrigerado em pontos estrat\u00e9gicos, como o Cantinho do Forte, o Mercado Municipal de Peixe, al\u00e9m de peixarias e estabelecimentos que trabalham com frutos do mar.<\/p>\n<p>De acordo com o subsecret\u00e1rio Fanini Lopes, a iniciativa representa um avan\u00e7o no enfrentamento de um problema ambiental cr\u00f4nico. \u201cEstamos construindo uma solu\u00e7\u00e3o para acabar com o descarte desses res\u00edduos em locais inadequados, como canais ou o lixo comum, o que gera mau odor e contamina\u00e7\u00e3o\u201d, explicou.<\/p>\n<p>A coordenadora t\u00e9cnica do Mercado de Peixe, Jussara Elgaly de Miranda, detalhou que o cont\u00eainer ter\u00e1 cerca de seis metros e ser\u00e1 usado para congelar as carca\u00e7as, que ser\u00e3o recolhidas de forma peri\u00f3dica pela empresa parceira. \u201c\u00c9 uma solu\u00e7\u00e3o pr\u00e1tica que melhora a limpeza e a organiza\u00e7\u00e3o nos pontos de venda de pescado\u201d, ressaltou.<\/p>\n<p>O secret\u00e1rio Wellington Escafura tamb\u00e9m destacou a import\u00e2ncia do projeto. \u201cTrata-se de uma medida que une preserva\u00e7\u00e3o ambiental, sa\u00fade p\u00fablica e benef\u00edcio direto para os comerciantes e moradores. Um ganho coletivo para Cabo Frio\u201d, afirmou.<\/p>\n<p>Atualmente, o termo de coopera\u00e7\u00e3o entre o munic\u00edpio e a empresa est\u00e1 em fase de ajustes legais, com expectativa de implanta\u00e7\u00e3o dentro\u00a0de\u00a0dois\u00a0meses.<\/p>\n","protected":false},"excerpt":{"rendered":"<p>A Prefeitura de Cabo Frio deu mais um passo para resolver um problema antigo da cidade: o descarte inadequado das carca\u00e7as de pescado. Nesta quinta-feira (10), representantes do governo municipal realizaram uma visita t\u00e9cnica \u00e0 sede da empresa Patense, em Tangu\u00e1, para alinhar uma coopera\u00e7\u00e3o que viabilize a destina\u00e7\u00e3o correta desses res\u00edduos. A a\u00e7\u00e3o \u00e9 [&hellip;]<\/p>\n","protected":false},"author":2,"featured_media":20803,"comment_status":"open","ping_status":"open","sticky":true,"template":"","format":"standard","meta":{"footnotes":""},"categories":[340],"tags":[1896],"class_list":["post-20802","post","type-post","status-publish","format-standard","has-post-thumbnail","hentry","category-cabo-frio","tag-destaque"],"_links":{"self":[{"href":"https:\/\/blogdodanielgalvao.com.br\/site\/wp-json\/wp\/v2\/posts\/20802","targetHints":{"allow":["GET"]}}],"collection":[{"href":"https:\/\/blogdodanielgalvao.com.br\/site\/wp-json\/wp\/v2\/posts"}],"about":[{"href":"https:\/\/blogdodanielgalvao.com.br\/site\/wp-json\/wp\/v2\/types\/post"}],"author":[{"embeddable":true,"href":"https:\/\/blogdodanielgalvao.com.br\/site\/wp-json\/wp\/v2\/users\/2"}],"replies":[{"embeddable":true,"href":"https:\/\/blogdodanielgalvao.com.br\/site\/wp-json\/wp\/v2\/comments?post=20802"}],"version-history":[{"count":1,"href":"https:\/\/blogdodanielgalvao.com.br\/site\/wp-json\/wp\/v2\/posts\/20802\/revisions"}],"predecessor-version":[{"id":20804,"href":"https:\/\/blogdodanielgalvao.com.br\/site\/wp-json\/wp\/v2\/posts\/20802\/revisions\/20804"}],"wp:featuredmedia":[{"embeddable":true,"href":"https:\/\/blogdodanielgalvao.com.br\/site\/wp-json\/wp\/v2\/media\/20803"}],"wp:attachment":[{"href":"https:\/\/blogdodanielgalvao.com.br\/site\/wp-json\/wp\/v2\/media?parent=20802"}],"wp:term":[{"taxonomy":"category","embeddable":true,"href":"https:\/\/blogdodanielgalvao.com.br\/site\/wp-json\/wp\/v2\/categories?post=20802"},{"taxonomy":"post_tag","embeddable":true,"href":"https:\/\/blogdodanielgalvao.com.br\/site\/wp-json\/wp\/v2\/tags?post=20802"}],"curies":[{"name":"wp","href":"https:\/\/api.w.org\/{rel}","templated":true}]}}