{"id":20799,"date":"2025-07-11T14:07:52","date_gmt":"2025-07-11T17:07:52","guid":{"rendered":"https:\/\/blogdodanielgalvao.com.br\/site\/?p=20799"},"modified":"2025-07-11T14:07:52","modified_gmt":"2025-07-11T17:07:52","slug":"capital-inicial-lidera-atracoes-do-cabo-frio-moto-rock-nesta-sexta-11","status":"publish","type":"post","link":"https:\/\/blogdodanielgalvao.com.br\/site\/capital-inicial-lidera-atracoes-do-cabo-frio-moto-rock-nesta-sexta-11\/","title":{"rendered":"Capital Inicial lidera atra\u00e7\u00f5es do Cabo Frio Moto Rock nesta sexta (11)"},"content":{"rendered":"<p>A primeira noite do Festival Cabo Frio Moto Rock foi marcada por muita m\u00fasica, energia e p\u00fablico animado na orla da Praia do Forte. Nesta quinta-feira (10), a programa\u00e7\u00e3o come\u00e7ou com a banda Garage Grounge, seguida pelas apresenta\u00e7\u00f5es de Ramona Rox e Edu Gomes, encerrando a estreia com uma sequ\u00eancia potente de rock nacional.<\/p>\n<p>O evento segue at\u00e9 domingo (13), com uma programa\u00e7\u00e3o extensa que combina shows ao vivo, encontro de motociclistas, feira de artesanato e pra\u00e7a de alimenta\u00e7\u00e3o. O destaque da noite desta sexta-feira (11) fica por conta da aguardada apresenta\u00e7\u00e3o da banda Capital Inicial, com in\u00edcio previsto ap\u00f3s as 18h.<\/p>\n<p>Esther Guimar\u00e3es, do Moto Clube Cabo Frio, expressou a empolga\u00e7\u00e3o com o evento. &#8220;Essa primeira noite j\u00e1 mostrou que o festival veio com tudo. A estrutura est\u00e1 excelente e a Prefeitura acertou em cheio. N\u00e3o vou perder nenhum dia!&#8221;, comentou a motociclista, f\u00e3 declarada do Capital Inicial.<\/p>\n<p>A estrutura montada para o festival inclui \u00e1rea gastron\u00f4mica, espa\u00e7o para expositores, exibi\u00e7\u00e3o de motos, al\u00e9m de um palco que receber\u00e1 bandas locais e nomes conhecidos do rock brasileiro.<\/p>\n<p>&nbsp;<\/p>\n<p><strong>Veja a agenda completa dos shows do fim de semana:<\/strong><\/p>\n<p><strong>Sexta-feira (11\/07)<\/strong> \u2013 das 18h \u00e0 meia-noite<\/p>\n<p>* Smoking Folk<\/p>\n<p>* Cilindrada<\/p>\n<p>* Capital Inicial<\/p>\n<p>&nbsp;<\/p>\n<p><strong>S\u00e1bado (12\/07)<\/strong> \u2013 das 12h \u00e0s 22h*<\/p>\n<p>* Oziris<\/p>\n<p>* Zoo<\/p>\n<p>* 1406 (Tributo aos Mamonas Assassinas)<\/p>\n<p>* Caravelas<\/p>\n<p>* Eternal Flame<\/p>\n<p>&nbsp;<\/p>\n<p><strong>Domingo (13\/07)<\/strong> \u2013 das 12h \u00e0s 22h<\/p>\n<p>* Drena<\/p>\n<p>* Vinicius Mendon\u00e7a<\/p>\n<p>* Helena de Troia<\/p>\n<p>* L\u00e9o Barreto<\/p>\n<p>&nbsp;<\/p>\n<p>Com entrada gratuita e clima de confraterniza\u00e7\u00e3o, o *Festival Cabo Frio Moto Rock* promete atrair moradores, turistas, amantes de motocicletas e f\u00e3s do bom e velho rock at\u00e9 o \u00faltimo acorde.<\/p>\n<p>&nbsp;<\/p>\n<p>Foto: Mari\u00a0Ricci\/SECOM<\/p>\n","protected":false},"excerpt":{"rendered":"<p>A primeira noite do Festival Cabo Frio Moto Rock foi marcada por muita m\u00fasica, energia e p\u00fablico animado na orla da Praia do Forte. Nesta quinta-feira (10), a programa\u00e7\u00e3o come\u00e7ou com a banda Garage Grounge, seguida pelas apresenta\u00e7\u00f5es de Ramona Rox e Edu Gomes, encerrando a estreia com uma sequ\u00eancia potente de rock nacional. O [&hellip;]<\/p>\n","protected":false},"author":2,"featured_media":20800,"comment_status":"open","ping_status":"open","sticky":true,"template":"","format":"standard","meta":{"footnotes":""},"categories":[340],"tags":[1896],"class_list":["post-20799","post","type-post","status-publish","format-standard","has-post-thumbnail","hentry","category-cabo-frio","tag-destaque"],"_links":{"self":[{"href":"https:\/\/blogdodanielgalvao.com.br\/site\/wp-json\/wp\/v2\/posts\/20799","targetHints":{"allow":["GET"]}}],"collection":[{"href":"https:\/\/blogdodanielgalvao.com.br\/site\/wp-json\/wp\/v2\/posts"}],"about":[{"href":"https:\/\/blogdodanielgalvao.com.br\/site\/wp-json\/wp\/v2\/types\/post"}],"author":[{"embeddable":true,"href":"https:\/\/blogdodanielgalvao.com.br\/site\/wp-json\/wp\/v2\/users\/2"}],"replies":[{"embeddable":true,"href":"https:\/\/blogdodanielgalvao.com.br\/site\/wp-json\/wp\/v2\/comments?post=20799"}],"version-history":[{"count":1,"href":"https:\/\/blogdodanielgalvao.com.br\/site\/wp-json\/wp\/v2\/posts\/20799\/revisions"}],"predecessor-version":[{"id":20801,"href":"https:\/\/blogdodanielgalvao.com.br\/site\/wp-json\/wp\/v2\/posts\/20799\/revisions\/20801"}],"wp:featuredmedia":[{"embeddable":true,"href":"https:\/\/blogdodanielgalvao.com.br\/site\/wp-json\/wp\/v2\/media\/20800"}],"wp:attachment":[{"href":"https:\/\/blogdodanielgalvao.com.br\/site\/wp-json\/wp\/v2\/media?parent=20799"}],"wp:term":[{"taxonomy":"category","embeddable":true,"href":"https:\/\/blogdodanielgalvao.com.br\/site\/wp-json\/wp\/v2\/categories?post=20799"},{"taxonomy":"post_tag","embeddable":true,"href":"https:\/\/blogdodanielgalvao.com.br\/site\/wp-json\/wp\/v2\/tags?post=20799"}],"curies":[{"name":"wp","href":"https:\/\/api.w.org\/{rel}","templated":true}]}}