{"id":20796,"date":"2025-07-11T14:02:04","date_gmt":"2025-07-11T17:02:04","guid":{"rendered":"https:\/\/blogdodanielgalvao.com.br\/site\/?p=20796"},"modified":"2025-07-11T14:02:04","modified_gmt":"2025-07-11T17:02:04","slug":"vagas-cadastros-e-contratacoes-veja-os-dados-atualizados-do-emprego-ja-em-cabo-frio","status":"publish","type":"post","link":"https:\/\/blogdodanielgalvao.com.br\/site\/vagas-cadastros-e-contratacoes-veja-os-dados-atualizados-do-emprego-ja-em-cabo-frio\/","title":{"rendered":"Vagas, cadastros e contrata\u00e7\u00f5es! Veja os dados atualizados do \u201cEmprego J\u00e1!\u201d em Cabo Frio"},"content":{"rendered":"<p>A Prefeitura de Cabo Frio, por meio da Secretaria de Desenvolvimento, divulgou os dados mais recentes do programa Emprego J\u00e1!, referente ao per\u00edodo de 29 de junho a 5 de julho. No intervalo analisado, 75 novos cadastros foram realizados pela popula\u00e7\u00e3o no site oficial da iniciativa:\u00a0 (<a href=\"https:\/\/empregoja.cabofrio.rj.gov.br\/cadastro-empresa\">www.empregoja.cabofrio.rj.gov.br\/cadastro-empresa<\/a>).<\/p>\n<p>O servi\u00e7o de atendimento via WhatsApp \u2014 (22) 99832-2974 \u2014 segue ativo, com m\u00e9dia di\u00e1ria de 30 solicita\u00e7\u00f5es. Durante a \u00faltima semana, a equipe t\u00e9cnica do programa esteve no CRAS da Praia do Siqueira, onde 18 novos registros foram efetuados presencialmente. Na pr\u00f3xima semana, o atendimento itinerante acontecer\u00e1 no CRAS do bairro Monte Alegre.<\/p>\n<p>Desde que o site entrou no ar, no dia 26 de mar\u00e7o, o sistema acumula 2.801 cadastros de candidatos. Nesse per\u00edodo, 44 pessoas foram contratadas atrav\u00e9s das vagas ofertadas pelas 86 empresas j\u00e1 cadastradas no banco de dados da plataforma, que atualmente disponibiliza 452 oportunidades de emprego em diversos setores da economia local.<\/p>\n<p>As fun\u00e7\u00f5es com maior n\u00famero de vagas no momento s\u00e3o:<\/p>\n<p>&nbsp;<\/p>\n<p>* Operador(a) de caixa \u2013 75 vagas<\/p>\n<p>* Vendedor(a) \u2013 35 vagas<\/p>\n<p>* Motorista com CNH \u201cD\u201d ou \u201cE\u201d \u2013 26 vagas<\/p>\n<p>* Gar\u00e7om\/Gar\u00e7onete \u2013 20 vagas<\/p>\n<p>* Repositor(a) \u2013 17 vagas<\/p>\n<p>&nbsp;<\/p>\n<p>Empreendedores e empregadores interessados em ofertar oportunidades ainda podem se cadastrar de forma gratuita no endere\u00e7o: (<a href=\"https:\/\/empregoja.cabofrio.rj.gov.br\/cadastro-empresa\">www.empregoja.cabofrio.rj.gov.br\/cadastro-empresa<\/a>).<\/p>\n<p>Resumo dos n\u00fameros da semana (29 de junho a 5 de julho):<\/p>\n<p>&nbsp;<\/p>\n<p>* Vagas em aberto: 452<\/p>\n<p>* Empresas ativas: 86<\/p>\n<p>* Novos cadastros: 75<\/p>\n<p>* Total de cadastros acumulados: 2.801<\/p>\n<p>* Contrata\u00e7\u00f5es realizadas: 44<\/p>\n<p>* Atendimento m\u00e9dio di\u00e1rio via WhatsApp: 30 pessoas<\/p>\n<p>&nbsp;<\/p>\n<p>O programa segue firme como uma das principais pontes entre quem busca recoloca\u00e7\u00e3o profissional e as empresas de Cabo Frio que necessitam de m\u00e3o de obra. A proposta \u00e9 garantir agilidade, visibilidade e conex\u00e3o direta entre candidatos e empregadores\u00a0da\u00a0cidade.<\/p>\n","protected":false},"excerpt":{"rendered":"<p>A Prefeitura de Cabo Frio, por meio da Secretaria de Desenvolvimento, divulgou os dados mais recentes do programa Emprego J\u00e1!, referente ao per\u00edodo de 29 de junho a 5 de julho. No intervalo analisado, 75 novos cadastros foram realizados pela popula\u00e7\u00e3o no site oficial da iniciativa:\u00a0 (www.empregoja.cabofrio.rj.gov.br\/cadastro-empresa). O servi\u00e7o de atendimento via WhatsApp \u2014 (22) [&hellip;]<\/p>\n","protected":false},"author":2,"featured_media":20797,"comment_status":"open","ping_status":"open","sticky":true,"template":"","format":"standard","meta":{"footnotes":""},"categories":[340],"tags":[1896],"class_list":["post-20796","post","type-post","status-publish","format-standard","has-post-thumbnail","hentry","category-cabo-frio","tag-destaque"],"_links":{"self":[{"href":"https:\/\/blogdodanielgalvao.com.br\/site\/wp-json\/wp\/v2\/posts\/20796","targetHints":{"allow":["GET"]}}],"collection":[{"href":"https:\/\/blogdodanielgalvao.com.br\/site\/wp-json\/wp\/v2\/posts"}],"about":[{"href":"https:\/\/blogdodanielgalvao.com.br\/site\/wp-json\/wp\/v2\/types\/post"}],"author":[{"embeddable":true,"href":"https:\/\/blogdodanielgalvao.com.br\/site\/wp-json\/wp\/v2\/users\/2"}],"replies":[{"embeddable":true,"href":"https:\/\/blogdodanielgalvao.com.br\/site\/wp-json\/wp\/v2\/comments?post=20796"}],"version-history":[{"count":1,"href":"https:\/\/blogdodanielgalvao.com.br\/site\/wp-json\/wp\/v2\/posts\/20796\/revisions"}],"predecessor-version":[{"id":20798,"href":"https:\/\/blogdodanielgalvao.com.br\/site\/wp-json\/wp\/v2\/posts\/20796\/revisions\/20798"}],"wp:featuredmedia":[{"embeddable":true,"href":"https:\/\/blogdodanielgalvao.com.br\/site\/wp-json\/wp\/v2\/media\/20797"}],"wp:attachment":[{"href":"https:\/\/blogdodanielgalvao.com.br\/site\/wp-json\/wp\/v2\/media?parent=20796"}],"wp:term":[{"taxonomy":"category","embeddable":true,"href":"https:\/\/blogdodanielgalvao.com.br\/site\/wp-json\/wp\/v2\/categories?post=20796"},{"taxonomy":"post_tag","embeddable":true,"href":"https:\/\/blogdodanielgalvao.com.br\/site\/wp-json\/wp\/v2\/tags?post=20796"}],"curies":[{"name":"wp","href":"https:\/\/api.w.org\/{rel}","templated":true}]}}