{"id":20792,"date":"2025-07-11T13:53:11","date_gmt":"2025-07-11T16:53:11","guid":{"rendered":"https:\/\/blogdodanielgalvao.com.br\/site\/?p=20792"},"modified":"2025-07-11T13:53:11","modified_gmt":"2025-07-11T16:53:11","slug":"cabo-frio-avanca-no-dialogo-sobre-assistencia-social-e-consolida-propostas-para-o-estado","status":"publish","type":"post","link":"https:\/\/blogdodanielgalvao.com.br\/site\/cabo-frio-avanca-no-dialogo-sobre-assistencia-social-e-consolida-propostas-para-o-estado\/","title":{"rendered":"Cabo Frio avan\u00e7a no di\u00e1logo sobre assist\u00eancia social e consolida propostas para o Estado"},"content":{"rendered":"<p>Com a presen\u00e7a de aproximadamente 200 participantes, Cabo Frio deu in\u00edcio \u00e0 14\u00aa Confer\u00eancia Municipal de Assist\u00eancia Social nesta quinta-feira (10), reunindo profissionais, representantes do poder p\u00fablico e da sociedade civil para debater melhorias no Sistema \u00danico de Assist\u00eancia Social (SUAS).<\/p>\n<p>A abertura contou com discursos de lideran\u00e7as locais e estaduais, incluindo a presidente do Conselho Municipal de Assist\u00eancia Social e superintendente da Gest\u00e3o do SUAS, Jeanne K\u00e1ssia Azevedo de Souza; o secret\u00e1rio municipal Fl\u00e1vio Moreira; a superintendente estadual Gabrielle Guimar\u00e3es; e outras autoridades da pasta.<\/p>\n<p>Durante a cerim\u00f4nia, o p\u00fablico assistiu a apresenta\u00e7\u00f5es culturais de bal\u00e9 e percuss\u00e3o, com participa\u00e7\u00e3o de usu\u00e1rios dos Centros de Refer\u00eancia em Assist\u00eancia Social (CRAS) Manoel Correia e Praia do Siqueira. Em seguida, foi realizada a leitura do regimento interno da confer\u00eancia.<\/p>\n<p>A palestra de abertura teve como tema \u201c20 anos do SUAS: constru\u00e7\u00e3o, prote\u00e7\u00e3o social e resist\u00eancia\u201d, apresentada por Gabrielle Guimar\u00e3es, especialista em Gest\u00e3o P\u00fablica pela Funda\u00e7\u00e3o Get\u00falio Vargas.<\/p>\n<p>No per\u00edodo da tarde, os participantes se dividiram para discutir os cinco eixos tem\u00e1ticos propostos: Universaliza\u00e7\u00e3o do SUAS, Aperfei\u00e7oamento Cont\u00ednuo do Sistema, Integra\u00e7\u00e3o entre benef\u00edcios e servi\u00e7os, Gest\u00e3o Democr\u00e1tica e Transpar\u00eancia, al\u00e9m de Sustentabilidade Financeira e Equidade no Cofinanciamento.<\/p>\n<p>Para o secret\u00e1rio de Assist\u00eancia Social, Fl\u00e1vio Moreira, a confer\u00eancia \u00e9 um espa\u00e7o estrat\u00e9gico para repensar o trabalho social no munic\u00edpio. &#8220;\u00c9 uma oportunidade rica de troca, onde a experi\u00eancia de quem atua diretamente com a popula\u00e7\u00e3o se soma \u00e0s pol\u00edticas p\u00fablicas. Essa constru\u00e7\u00e3o coletiva \u00e9 essencial para o avan\u00e7o da nossa cidade&#8221;, afirmou.<\/p>\n<p>A programa\u00e7\u00e3o segue at\u00e9 esta sexta-feira (11), a partir das 8h30, com a apresenta\u00e7\u00e3o das propostas desenvolvidas nos grupos de trabalho. Ao final, ser\u00e3o escolhidos os delegados que representar\u00e3o Cabo Frio na Confer\u00eancia Estadual.<\/p>\n<p>Segundo Jeanne K\u00e1ssia, o evento refor\u00e7a a import\u00e2ncia da pol\u00edtica de assist\u00eancia social como pilar da seguridade no Brasil. &#8220;Desde a Constitui\u00e7\u00e3o de 88, temos uma estrutura legal que garante a assist\u00eancia como direito. Em Cabo Frio, com apoio da gest\u00e3o municipal, estamos comprometidos em oferecer servi\u00e7os de qualidade e retomar nosso protagonismo na \u00e1rea&#8221;, concluiu.<\/p>\n<p>&nbsp;<\/p>\n<p>Foto: Wislei\u00a0Rabello\/Secom<\/p>\n","protected":false},"excerpt":{"rendered":"<p>Com a presen\u00e7a de aproximadamente 200 participantes, Cabo Frio deu in\u00edcio \u00e0 14\u00aa Confer\u00eancia Municipal de Assist\u00eancia Social nesta quinta-feira (10), reunindo profissionais, representantes do poder p\u00fablico e da sociedade civil para debater melhorias no Sistema \u00danico de Assist\u00eancia Social (SUAS). A abertura contou com discursos de lideran\u00e7as locais e estaduais, incluindo a presidente do [&hellip;]<\/p>\n","protected":false},"author":2,"featured_media":20794,"comment_status":"open","ping_status":"open","sticky":true,"template":"","format":"standard","meta":{"footnotes":""},"categories":[340],"tags":[1896],"class_list":["post-20792","post","type-post","status-publish","format-standard","has-post-thumbnail","hentry","category-cabo-frio","tag-destaque"],"_links":{"self":[{"href":"https:\/\/blogdodanielgalvao.com.br\/site\/wp-json\/wp\/v2\/posts\/20792","targetHints":{"allow":["GET"]}}],"collection":[{"href":"https:\/\/blogdodanielgalvao.com.br\/site\/wp-json\/wp\/v2\/posts"}],"about":[{"href":"https:\/\/blogdodanielgalvao.com.br\/site\/wp-json\/wp\/v2\/types\/post"}],"author":[{"embeddable":true,"href":"https:\/\/blogdodanielgalvao.com.br\/site\/wp-json\/wp\/v2\/users\/2"}],"replies":[{"embeddable":true,"href":"https:\/\/blogdodanielgalvao.com.br\/site\/wp-json\/wp\/v2\/comments?post=20792"}],"version-history":[{"count":1,"href":"https:\/\/blogdodanielgalvao.com.br\/site\/wp-json\/wp\/v2\/posts\/20792\/revisions"}],"predecessor-version":[{"id":20795,"href":"https:\/\/blogdodanielgalvao.com.br\/site\/wp-json\/wp\/v2\/posts\/20792\/revisions\/20795"}],"wp:featuredmedia":[{"embeddable":true,"href":"https:\/\/blogdodanielgalvao.com.br\/site\/wp-json\/wp\/v2\/media\/20794"}],"wp:attachment":[{"href":"https:\/\/blogdodanielgalvao.com.br\/site\/wp-json\/wp\/v2\/media?parent=20792"}],"wp:term":[{"taxonomy":"category","embeddable":true,"href":"https:\/\/blogdodanielgalvao.com.br\/site\/wp-json\/wp\/v2\/categories?post=20792"},{"taxonomy":"post_tag","embeddable":true,"href":"https:\/\/blogdodanielgalvao.com.br\/site\/wp-json\/wp\/v2\/tags?post=20792"}],"curies":[{"name":"wp","href":"https:\/\/api.w.org\/{rel}","templated":true}]}}