{"id":20786,"date":"2025-07-10T17:04:14","date_gmt":"2025-07-10T20:04:14","guid":{"rendered":"https:\/\/blogdodanielgalvao.com.br\/site\/?p=20786"},"modified":"2025-07-10T17:04:14","modified_gmt":"2025-07-10T20:04:14","slug":"gestao-municipal-de-macae-convoca-estudantes-para-estagio-remunerado","status":"publish","type":"post","link":"https:\/\/blogdodanielgalvao.com.br\/site\/gestao-municipal-de-macae-convoca-estudantes-para-estagio-remunerado\/","title":{"rendered":"Gest\u00e3o municipal de Maca\u00e9 convoca estudantes para est\u00e1gio remunerado"},"content":{"rendered":"<p>A Prefeitura de Maca\u00e9, por meio da Comiss\u00e3o de Implementa\u00e7\u00e3o e Acompanhamento do Processo Seletivo Simplificado (Edital n\u00ba 003\/2024), divulgou a 3\u00aa convoca\u00e7\u00e3o do Programa de Est\u00e1gio Remunerado. Os estudantes convocados devem comparecer nesta sexta-feira (11), \u00e0s 13h, na sede da Secretaria Municipal de Gest\u00e3o de Pessoas, para assinatura do Termo de Compromisso de Est\u00e1gio.<\/p>\n<p>\u00c9 obrigat\u00f3ria a apresenta\u00e7\u00e3o de todos os documentos exigidos no subitem 11.2 do edital no momento da convoca\u00e7\u00e3o.<\/p>\n<p>O Programa de Est\u00e1gio visa oferecer aos acad\u00eamicos a oportunidade de vivenciar, na pr\u00e1tica, as atividades relacionadas \u00e0 sua \u00e1rea de forma\u00e7\u00e3o. A iniciativa contribui tanto para o crescimento profissional dos estudantes quanto para a melhoria dos servi\u00e7os p\u00fablicos oferecidos pelo munic\u00edpio.<\/p>\n<p>A Secretaria de Gest\u00e3o de Pessoas est\u00e1 localizada na Avenida Presidente Feliciano Sodr\u00e9, n\u00ba 466, 1\u00ba andar \u2013 Centro Administrativo Luiz Oz\u00f3rio, no Centro de Maca\u00e9.<\/p>\n","protected":false},"excerpt":{"rendered":"<p>A Prefeitura de Maca\u00e9, por meio da Comiss\u00e3o de Implementa\u00e7\u00e3o e Acompanhamento do Processo Seletivo Simplificado (Edital n\u00ba 003\/2024), divulgou a 3\u00aa convoca\u00e7\u00e3o do Programa de Est\u00e1gio Remunerado. Os estudantes convocados devem comparecer nesta sexta-feira (11), \u00e0s 13h, na sede da Secretaria Municipal de Gest\u00e3o de Pessoas, para assinatura do Termo de Compromisso de Est\u00e1gio. [&hellip;]<\/p>\n","protected":false},"author":2,"featured_media":20787,"comment_status":"open","ping_status":"open","sticky":true,"template":"","format":"standard","meta":{"footnotes":""},"categories":[2],"tags":[1896],"class_list":["post-20786","post","type-post","status-publish","format-standard","has-post-thumbnail","hentry","category-macae","tag-destaque"],"_links":{"self":[{"href":"https:\/\/blogdodanielgalvao.com.br\/site\/wp-json\/wp\/v2\/posts\/20786","targetHints":{"allow":["GET"]}}],"collection":[{"href":"https:\/\/blogdodanielgalvao.com.br\/site\/wp-json\/wp\/v2\/posts"}],"about":[{"href":"https:\/\/blogdodanielgalvao.com.br\/site\/wp-json\/wp\/v2\/types\/post"}],"author":[{"embeddable":true,"href":"https:\/\/blogdodanielgalvao.com.br\/site\/wp-json\/wp\/v2\/users\/2"}],"replies":[{"embeddable":true,"href":"https:\/\/blogdodanielgalvao.com.br\/site\/wp-json\/wp\/v2\/comments?post=20786"}],"version-history":[{"count":1,"href":"https:\/\/blogdodanielgalvao.com.br\/site\/wp-json\/wp\/v2\/posts\/20786\/revisions"}],"predecessor-version":[{"id":20788,"href":"https:\/\/blogdodanielgalvao.com.br\/site\/wp-json\/wp\/v2\/posts\/20786\/revisions\/20788"}],"wp:featuredmedia":[{"embeddable":true,"href":"https:\/\/blogdodanielgalvao.com.br\/site\/wp-json\/wp\/v2\/media\/20787"}],"wp:attachment":[{"href":"https:\/\/blogdodanielgalvao.com.br\/site\/wp-json\/wp\/v2\/media?parent=20786"}],"wp:term":[{"taxonomy":"category","embeddable":true,"href":"https:\/\/blogdodanielgalvao.com.br\/site\/wp-json\/wp\/v2\/categories?post=20786"},{"taxonomy":"post_tag","embeddable":true,"href":"https:\/\/blogdodanielgalvao.com.br\/site\/wp-json\/wp\/v2\/tags?post=20786"}],"curies":[{"name":"wp","href":"https:\/\/api.w.org\/{rel}","templated":true}]}}