{"id":20783,"date":"2025-07-10T16:55:49","date_gmt":"2025-07-10T19:55:49","guid":{"rendered":"https:\/\/blogdodanielgalvao.com.br\/site\/?p=20783"},"modified":"2025-07-10T16:55:49","modified_gmt":"2025-07-10T19:55:49","slug":"espetaculo-carukango-representa-rio-das-ostras-em-festival-de-teatro-no-rio","status":"publish","type":"post","link":"https:\/\/blogdodanielgalvao.com.br\/site\/espetaculo-carukango-representa-rio-das-ostras-em-festival-de-teatro-no-rio\/","title":{"rendered":"Espet\u00e1culo \u201cCarukango\u201d representa Rio das Ostras em festival de teatro no Rio"},"content":{"rendered":"<p>Artistas de Rio das Ostras fizeram hist\u00f3ria nessa semana ao participarem de um dos mais importantes eventos art\u00edsticos a c\u00e9u aberto do pa\u00eds, o 3\u00ba Festival de Teatro Amir Haddad, que aconteceu no Rio de Janeiro.<\/p>\n<p>Com a pe\u00e7a \u201cCarukango\u201d, estrelada pelo ator e cantor Darling Mendon\u00e7a, o N\u00facleo de Experimentos C\u00eanicos (NEC), que conta com ex-alunos do Centro de Forma\u00e7\u00e3o Art\u00edstica de M\u00fasica, Dan\u00e7a e Teatro, foi o \u00fanico representante do interior do Estado na programa\u00e7\u00e3o do festival.<\/p>\n<p>A apresenta\u00e7\u00e3o de \u201cCarukango\u201d aconteceu na \u00faltima segunda-feira, 7, no palco da Casa T\u00e1 Na Rua, na Lapa, no centro do Rio, recontando a hist\u00f3ria do l\u00edder quilombola Carukango, considerado um s\u00edmbolo de luta e resist\u00eancia contra a escravid\u00e3o negra na serra de Maca\u00e9.<\/p>\n<p>O espet\u00e1culo, que estreou em 2022, em Rio das Ostras, foi constru\u00eddo a partir de pesquisas sobre o candombl\u00e9 ketu-Nag\u00f4, cantos vissungos e outras manifesta\u00e7\u00f5es populares, ajudando a dar mais visibilidade e protagonismo aos artistas negros e \u00e0s manifesta\u00e7\u00f5es afro-brasileiras na cena teatral.<\/p>\n<p>Iniciado no \u00faltimo domingo, 6, o 3\u00ba Festival de Teatro Amir Haddad continua com sua programa\u00e7\u00e3o aberta at\u00e9 esse domingo, 13, com uma programa\u00e7\u00e3o que ocupa espa\u00e7os urbanos e culturais ic\u00f4nicos da Lapa, com o objetivo de democratizar a cultura e a arte como ferramenta de transforma\u00e7\u00e3o coletiva.<\/p>\n<p>Contando com uma programa\u00e7\u00e3o variada, o evento incluiu a sele\u00e7\u00e3o especial de espet\u00e1culos dirigidos ou supervisionados por Amir Haddad, trazendo nomes como Clarice Niskier, Andrea Beltr\u00e3o, Marco Nanini, Tonico Pereira e Elisa Lucinda, entre outros artistas da cena nacional e estadual.<\/p>\n","protected":false},"excerpt":{"rendered":"<p>Artistas de Rio das Ostras fizeram hist\u00f3ria nessa semana ao participarem de um dos mais importantes eventos art\u00edsticos a c\u00e9u aberto do pa\u00eds, o 3\u00ba Festival de Teatro Amir Haddad, que aconteceu no Rio de Janeiro. Com a pe\u00e7a \u201cCarukango\u201d, estrelada pelo ator e cantor Darling Mendon\u00e7a, o N\u00facleo de Experimentos C\u00eanicos (NEC), que conta [&hellip;]<\/p>\n","protected":false},"author":2,"featured_media":20784,"comment_status":"open","ping_status":"open","sticky":true,"template":"","format":"standard","meta":{"footnotes":""},"categories":[4],"tags":[1896],"class_list":["post-20783","post","type-post","status-publish","format-standard","has-post-thumbnail","hentry","category-rio-das-ostras","tag-destaque"],"_links":{"self":[{"href":"https:\/\/blogdodanielgalvao.com.br\/site\/wp-json\/wp\/v2\/posts\/20783","targetHints":{"allow":["GET"]}}],"collection":[{"href":"https:\/\/blogdodanielgalvao.com.br\/site\/wp-json\/wp\/v2\/posts"}],"about":[{"href":"https:\/\/blogdodanielgalvao.com.br\/site\/wp-json\/wp\/v2\/types\/post"}],"author":[{"embeddable":true,"href":"https:\/\/blogdodanielgalvao.com.br\/site\/wp-json\/wp\/v2\/users\/2"}],"replies":[{"embeddable":true,"href":"https:\/\/blogdodanielgalvao.com.br\/site\/wp-json\/wp\/v2\/comments?post=20783"}],"version-history":[{"count":1,"href":"https:\/\/blogdodanielgalvao.com.br\/site\/wp-json\/wp\/v2\/posts\/20783\/revisions"}],"predecessor-version":[{"id":20785,"href":"https:\/\/blogdodanielgalvao.com.br\/site\/wp-json\/wp\/v2\/posts\/20783\/revisions\/20785"}],"wp:featuredmedia":[{"embeddable":true,"href":"https:\/\/blogdodanielgalvao.com.br\/site\/wp-json\/wp\/v2\/media\/20784"}],"wp:attachment":[{"href":"https:\/\/blogdodanielgalvao.com.br\/site\/wp-json\/wp\/v2\/media?parent=20783"}],"wp:term":[{"taxonomy":"category","embeddable":true,"href":"https:\/\/blogdodanielgalvao.com.br\/site\/wp-json\/wp\/v2\/categories?post=20783"},{"taxonomy":"post_tag","embeddable":true,"href":"https:\/\/blogdodanielgalvao.com.br\/site\/wp-json\/wp\/v2\/tags?post=20783"}],"curies":[{"name":"wp","href":"https:\/\/api.w.org\/{rel}","templated":true}]}}